{"id":236584,"date":"2023-05-23T11:35:00","date_gmt":"2023-05-23T09:35:00","guid":{"rendered":"https:\/\/berneyassocies.com\/?p=236584"},"modified":"2024-06-05T16:27:47","modified_gmt":"2024-06-05T14:27:47","slug":"initiative-185-stimmen-sie-mit-nein","status":"publish","type":"post","link":"https:\/\/berneyassocies.com\/de\/initiative-185-votez-non\/","title":{"rendered":"Initiative 185 - Stimmen Sie mit Nein!"},"content":{"rendered":"<p>[et_pb_section fb_built=\u00a0\u00bb1&Prime; _builder_version=\u00a0\u00bb4.23.4&Prime; _module_preset=\u00a0\u00bbdefault\u00a0\u00bb background_color=\u00a0\u00bb#002856&Prime; custom_margin=\u00a0\u00bb0px||||false|false\u00a0\u00bb custom_padding=\u00a0\u00bb0px||0px||true|false\u00a0\u00bb global_colors_info=\u00a0\u00bb{}\u00a0\u00bb][et_pb_row _builder_version=\u00a0\u00bb4.23.4&Prime; _module_preset=\u00a0\u00bbdefault\u00a0\u00bb global_colors_info=\u00a0\u00bb{}\u00a0\u00bb][et_pb_column type=\u00a0\u00bb4_4&Prime; _builder_version=\u00a0\u00bb4.23.4&Prime; _module_preset=\u00a0\u00bbdefault\u00a0\u00bb global_colors_info=\u00a0\u00bb{}\u00a0\u00bb][et_pb_post_title meta=\u00a0\u00bboff\u00a0\u00bb featured_image=\u00a0\u00bboff\u00a0\u00bb _builder_version=\u00a0\u00bb4.25.1&Prime; _module_preset=\u00a0\u00bbdefault\u00a0\u00bb title_text_color=\u00a0\u00bbgcid-8e43273b-69bc-45d5-a817-07da9f1ce23e\u00a0\u00bb title_font_size=\u00a0\u00bb60px\u00a0\u00bb title_line_height=\u00a0\u00bb1.3em\u00a0\u00bb width=\u00a0\u00bb55%\u00a0\u00bb width_tablet=\u00a0\u00bb100%\u00a0\u00bb width_phone=\u00a0\u00bb100%\u00a0\u00bb width_last_edited=\u00a0\u00bbon|desktop\u00a0\u00bb title_font_size_tablet=\u00a0\u00bb40px\u00a0\u00bb title_font_size_phone=\u00a0\u00bb30px\u00a0\u00bb title_font_size_last_edited=\u00a0\u00bbon|phone\u00a0\u00bb global_colors_info=\u00a0\u00bb{%22gcid-8e43273b-69bc-45d5-a817-07da9f1ce23e%22:%91%22title_text_color%22%93}\u00a0\u00bb][\/et_pb_post_title][\/et_pb_column][\/et_pb_row][\/et_pb_section][et_pb_section fb_built=\u00a0\u00bb1&Prime; disabled_on=\u00a0\u00bboff|off|on\u00a0\u00bb _builder_version=\u00a0\u00bb4.23.4&Prime; _module_preset=\u00a0\u00bbdefault\u00a0\u00bb custom_margin=\u00a0\u00bb||20px||false|false\u00a0\u00bb custom_padding=\u00a0\u00bb0px||0px||true|false\u00a0\u00bb global_colors_info=\u00a0\u00bb{}\u00a0\u00bb][et_pb_row disabled_on=\u00a0\u00bboff|off|off\u00a0\u00bb _builder_version=\u00a0\u00bb4.23.4&Prime; _module_preset=\u00a0\u00bbdefault\u00a0\u00bb width=\u00a0\u00bb100%\u00a0\u00bb max_width=\u00a0\u00bb100%\u00a0\u00bb custom_padding=\u00a0\u00bb0px||10px||false|false\u00a0\u00bb global_colors_info=\u00a0\u00bb{}\u00a0\u00bb][et_pb_column type=\u00a0\u00bb4_4&Prime; _builder_version=\u00a0\u00bb4.23.4&Prime; _module_preset=\u00a0\u00bbdefault\u00a0\u00bb global_colors_info=\u00a0\u00bb{}\u00a0\u00bb][et_pb_post_title title=\u00a0\u00bboff\u00a0\u00bb meta=\u00a0\u00bboff\u00a0\u00bb _builder_version=\u00a0\u00bb4.25.1&Prime; _module_preset=\u00a0\u00bbdefault\u00a0\u00bb animation_style=\u00a0\u00bbslide\u00a0\u00bb animation_direction=\u00a0\u00bbbottom\u00a0\u00bb animation_intensity_slide=\u00a0\u00bb5%\u00a0\u00bb global_colors_info=\u00a0\u00bb{}\u00a0\u00bb][\/et_pb_post_title][\/et_pb_column][\/et_pb_row][\/et_pb_section][et_pb_section fb_built=\u00a0\u00bb1&Prime; specialty=\u00a0\u00bbon\u00a0\u00bb custom_padding_last_edited=\u00a0\u00bbon|desktop\u00a0\u00bb module_class_1=\u00a0\u00bbevent_single_col_1&Prime; module_class_2=\u00a0\u00bbevent_single_col_2&Prime; _builder_version=\u00a0\u00bb4.24.3&Prime; _module_preset=\u00a0\u00bbdefault\u00a0\u00bb width=\u00a0\u00bb80%\u00a0\u00bb module_alignment=\u00a0\u00bbcenter\u00a0\u00bb custom_padding=\u00a0\u00bb10px||0px||false|false\u00a0\u00bb custom_padding_tablet=\u00a0\u00bb0px||||false|false\u00a0\u00bb custom_padding_phone=\u00a0\u00bb0px||||false|false\u00a0\u00bb global_colors_info=\u00a0\u00bb{}\u00a0\u00bb][et_pb_column type=\u00a0\u00bb1_2&Prime; specialty_columns=\u00a0\u00bb2&Prime; _builder_version=\u00a0\u00bb4.16&Prime; custom_padding=\u00a0\u00bb|||\u00a0\u00bb global_colors_info=\u00a0\u00bb{}\u00a0\u00bb custom_padding__hover=\u00a0\u00bb|||\u00a0\u00bb][et_pb_row_inner _builder_version=\u00a0\u00bb4.24.3&Prime; _module_preset=\u00a0\u00bbdefault\u00a0\u00bb custom_padding=\u00a0\u00bb0px||0px||true|false\u00a0\u00bb global_colors_info=\u00a0\u00bb{}\u00a0\u00bb][et_pb_column_inner saved_specialty_column_type=\u00a0\u00bb1_2&Prime; _builder_version=\u00a0\u00bb4.23.4&Prime; _module_preset=\u00a0\u00bbdefault\u00a0\u00bb global_colors_info=\u00a0\u00bb{}\u00a0\u00bb][et_pb_code module_class=\u00a0\u00bbbreadcrumb\u00a0\u00bb _builder_version=\u00a0\u00bb4.24.3&Prime; _module_preset=\u00a0\u00bbdefault\u00a0\u00bb custom_margin=\u00a0\u00bb0px||||false|false\u00a0\u00bb global_module=\u00a0\u00bb233714&Prime; global_colors_info=\u00a0\u00bb{}\u00a0\u00bb][\/et_pb_code][\/et_pb_column_inner][\/et_pb_row_inner][\/et_pb_column][et_pb_column type=\u00a0\u00bb1_2&Prime; _builder_version=\u00a0\u00bb4.16&Prime; custom_padding=\u00a0\u00bb|||\u00a0\u00bb global_colors_info=\u00a0\u00bb{}\u00a0\u00bb custom_padding__hover=\u00a0\u00bb|||\u00a0\u00bb][et_pb_post_title title=\u00a0\u00bboff\u00a0\u00bb meta=\u00a0\u00bboff\u00a0\u00bb force_fullwidth=\u00a0\u00bboff\u00a0\u00bb disabled_on=\u00a0\u00bbon|on|off\u00a0\u00bb module_class=\u00a0\u00bbimg-cta\u00a0\u00bb _builder_version=\u00a0\u00bb4.25.1&Prime; _module_preset=\u00a0\u00bbdefault\u00a0\u00bb positioning=\u00a0\u00bbabsolute\u00a0\u00bb position_origin_a=\u00a0\u00bbbottom_left\u00a0\u00bb vertical_offset=\u00a0\u00bb20px\u00a0\u00bb width=\u00a0\u00bb100%\u00a0\u00bb height_last_edited=\u00a0\u00bboff|desktop\u00a0\u00bb custom_margin=\u00a0\u00bb||||false|false\u00a0\u00bb custom_padding=\u00a0\u00bb||||false|false\u00a0\u00bb animation_style=\u00a0\u00bbslide\u00a0\u00bb animation_direction=\u00a0\u00bbbottom\u00a0\u00bb animation_intensity_slide=\u00a0\u00bb5%\u00a0\u00bb global_colors_info=\u00a0\u00bb{}\u00a0\u00bb][\/et_pb_post_title][\/et_pb_column][\/et_pb_section][et_pb_section fb_built=\u00a0\u00bb1&Prime; _builder_version=\u00a0\u00bb4.24.3&Prime; _module_preset=\u00a0\u00bbdefault\u00a0\u00bb width=\u00a0\u00bb80%\u00a0\u00bb module_alignment=\u00a0\u00bbcenter\u00a0\u00bb custom_margin=\u00a0\u00bb||||false|false\u00a0\u00bb custom_padding=\u00a0\u00bb0px||||false|false\u00a0\u00bb global_colors_info=\u00a0\u00bb{}\u00a0\u00bb][et_pb_row column_structure=\u00a0\u00bb3_5,2_5&Prime; _builder_version=\u00a0\u00bb4.25.0&Prime; _module_preset=\u00a0\u00bbdefault\u00a0\u00bb custom_padding=\u00a0\u00bb0px||||false|false\u00a0\u00bb global_colors_info=\u00a0\u00bb{}\u00a0\u00bb][et_pb_column type=\u00a0\u00bb3_5&Prime; _builder_version=\u00a0\u00bb4.23.4&Prime; _module_preset=\u00a0\u00bbdefault\u00a0\u00bb global_colors_info=\u00a0\u00bb{}\u00a0\u00bb][et_pb_text _builder_version=\u00a0\u00bb4.25.1&Prime; _module_preset=\u00a0\u00bbdefault\u00a0\u00bb header_line_height=\u00a0\u00bb1.2em\u00a0\u00bb header_2_text_color=\u00a0\u00bb#002856&Prime; header_3_text_color=\u00a0\u00bb#002856&Prime; header_3_font_size=\u00a0\u00bb30px\u00a0\u00bb header_3_line_height=\u00a0\u00bb1.4em\u00a0\u00bb custom_margin=\u00a0\u00bb||||false|false\u00a0\u00bb global_colors_info=\u00a0\u00bb{}\u00a0\u00bb]<\/p>\n<h3>Pourquoi l\u2019acceptation serait dangereuse pour l\u2019\u00e9conomie genevoise et la classe moyenne ?<\/h3>\n<p>&nbsp;<\/p>\n<p>&nbsp;<\/p>\n<h3>1. Introduction<\/h3>\n<p><span style=\"font-weight: 400;\">Apr\u00e8s l\u2019initiative 179 \u00ab Supprimons les privil\u00e8ges des gros actionnaires \u00bb qui visait \u00e0 taxer davantage les entrepreneur\u00b7e\u00b7s genevois\u00b7e\u00b7s (initiative refus\u00e9e \u00e0 presque 60 % par les genevois\u00b7es en mars dernier), la gauche genevoise revient \u00e0 la charge en cette ann\u00e9e \u00e9lectorale et veut dor\u00e9navant taxer davantage les contribuables ais\u00e9\u00b7e\u00b7s du canton de Gen\u00e8ve en introduisant une contribution suppl\u00e9mentaire sur la fortune.<\/span><\/p>\n<p><span style=\"font-weight: 400;\">Les initiant\u00b7e\u00b7s profitent \u00e9galement de cette initiative pour durcir l\u2019application du bouclier fiscal, m\u00e9canisme qui a pour simple but d\u2019\u00e9viter des impositions confiscatoires et disproportionn\u00e9es.<\/span><\/p>\n<p><span style=\"font-weight: 400;\">Le 18 juin prochain, le peuple genevois sera donc amen\u00e9 \u00e0 se prononcer sur cette initiative qui, en cas d\u2019acceptation, pourrait entra\u00eener des cons\u00e9quences n\u00e9fastes pour l\u2019\u00e9conomie genevoise et les finances des collectivit\u00e9s publiques.<\/span><\/p>\n<p>&nbsp;<\/p>\n<h3>2. L\u2019objet de l\u2019initiative 185 (IN185)<\/h3>\n<p><span style=\"font-weight: 400;\">L\u2019initiative pr\u00e9voit d\u2019instaurer, pendant une p\u00e9riode de dix ans, un imp\u00f4t suppl\u00e9mentaire de 0.5 % sur les fortunes de plus de 3 millions. Ainsi, le taux d\u2019imposition maximum de la fortune passerait de 1 % \u00e0 1.5 %. En contrepartie, l\u2019initiative pr\u00e9voit une augmentation des d\u00e9ductions sociales sur la fortune. En effet, la d\u00e9duction pour un\u00b7e contribuable c\u00e9libataire veuf ou veuve, s\u00e9par\u00e9\u00b7e de corps ou de fait ou divorc\u00e9\u00b7e passerait de CHF 82\u2019200.\u2013 \u00e0 CHF 250\u2019000.\u2013.<\/span><\/p>\n<p><span style=\"font-weight: 400;\">Pour les \u00e9poux\/ \u00e9pouses vivant en m\u00e9nage commun et les contribuables c\u00e9libataires qui tiennent un m\u00e9nage ind\u00e9pendant avec un enfant, la d\u00e9duction passerait de CHF 164\u2019400.\u2013 \u00e0 CHF 500\u2019000.\u2013. Par ailleurs, la d\u00e9duction pour chaque charge de famille passerait de CHF 41\u2019100.\u2013 \u00e0 CHF 125\u2019000.\u2013.<\/span><\/p>\n<p><span style=\"font-weight: 400;\">En outre, cette initiative veut durcir l\u2019application du bouclier fiscal. Pour rappel, le bouclier fiscal est un \u00ab m\u00e9canisme correctif \u00bb qui d\u00e9termine un montant de charge maximale au niveau de l\u2019imp\u00f4t cantonal et communal (ICC). Il a pour but de mettre en \u0153uvre le principe constitutionnel de l\u2019interdiction de l\u2019imposition confiscatoire en limitant l\u2019ICC (imp\u00f4t cantonal et communal sur le revenu et la fortune) au maximum \u00e0 60 % du revenu net.<\/span><\/p>\n<p>&nbsp;<\/p>\n<h3>3. Cons\u00e9quences fiscales de l\u2019IN185, si elle \u00e9tait accept\u00e9e<\/h3>\n<p><span style=\"font-weight: 400;\">Afin d\u2019illustrer les cons\u00e9quences fiscales de l\u2019IN185 sur les contribuables genevois\u00b7es poss\u00e9dant une certaine fortune, le tableau ci-apr\u00e8s r\u00e9sume leur facture fiscale actuelle et peut-\u00eatre future en termes d\u2019imp\u00f4t sur la fortune :<\/span><\/p>\n<p>[\/et_pb_text][et_pb_image src=\u00a0\u00bbhttps:\/\/berneyassocies.com\/wp-content\/uploads\/2024\/05\/berney-associes-ficuciaire-Initiative185-0523-1.png\u00a0\u00bb title_text=\u00a0\u00bbberney-associes-ficuciaire-Initiative185-0523-1&Prime; _builder_version=\u00a0\u00bb4.25.1&Prime; _module_preset=\u00a0\u00bbdefault\u00a0\u00bb global_colors_info=\u00a0\u00bb{}\u00a0\u00bb][\/et_pb_image][et_pb_text ul_type=\u00a0\u00bbsquare\u00a0\u00bb _builder_version=\u00a0\u00bb4.25.1&Prime; _module_preset=\u00a0\u00bbdefault\u00a0\u00bb header_line_height=\u00a0\u00bb1.2em\u00a0\u00bb header_2_text_color=\u00a0\u00bb#002856&Prime; header_3_text_color=\u00a0\u00bb#002856&Prime; header_3_font_size=\u00a0\u00bb30px\u00a0\u00bb header_3_line_height=\u00a0\u00bb1.4em\u00a0\u00bb custom_margin=\u00a0\u00bb||0px||false|false\u00a0\u00bb global_colors_info=\u00a0\u00bb{}\u00a0\u00bb]<\/p>\n<p><span style=\"font-weight: 400;\">Nous constatons que l\u2019IN185, si elle \u00e9tait accept\u00e9e, conduirait \u00e0 une forte augmentation de l\u2019imp\u00f4t sur la fortune pour les contribuables ais\u00e9\u00b7e\u00b7s. Cumul\u00e9e sur 10 ans, cela repr\u00e9senterait une charge suppl\u00e9mentaire de plus de CHF 300\u2019000.\u2013 pour un\u00b7e contribuable dont la fortune imposable se monte \u00e0 CHF 10\u2019000\u2019000.\u2013. Ainsi, pourl es contribuables dont la fortune n\u2019est pas compos\u00e9e de fortune mobili\u00e8re (tels que des liquidit\u00e9s), mais de biens immobiliers ou des actions de l\u2019entreprise familiale, cette initiative pourrait les obliger \u00e0 vendre une partie de leur patrimoine immobilier ou leur entreprise afin de s\u2019acquitter de leur facture d\u2019imp\u00f4ts.<\/span><\/p>\n<p><span style=\"font-weight: 400;\">Comme mentionn\u00e9 pr\u00e9c\u00e9demment, l\u2019IN185 entra\u00eenerait \u00e9galement des cons\u00e9quences significatives et potentiellement inqui\u00e9tantes pour les contribuables qui b\u00e9n\u00e9ficient actuellement du bouclier fiscal. En effet, l\u2019IN185 emp\u00eacherait son application dans plusieurs situations. Certain\u00b7e\u00b7s contribuables pourraient m\u00eame voir leur facture d\u2019imp\u00f4ts prendre l\u2019ascenseur et d\u00e9passer le 60 % de leur revenu net.<\/span><\/p>\n<p><span style=\"font-weight: 400;\">En cas d\u2019acceptation de l\u2019IN185, certain\u00b7e\u00b7s contribuables genevois\u00b7es pourraient alors \u00eatre tax\u00e9s de mani\u00e8re compl\u00e9tement confiscatoire et disproportionn\u00e9e comme nous le montre l\u2019exemple ci-apr\u00e8s.<\/span><\/p>\n<p><span style=\"font-weight: 400;\">Couple de retrait\u00e9\u00b7e\u00b7s b\u00e9n\u00e9ficiant du bouclier fiscal :<\/span><\/p>\n<ul>\n<li style=\"font-weight: 400;\" aria-level=\"1\"><span style=\"font-weight: 400;\">Revenu net : CHF 50\u2019000.\u2013<\/span><\/li>\n<li style=\"font-weight: 400;\" aria-level=\"1\"><span style=\"font-weight: 400;\">Fortune net : CHF 7\u2019500\u2019000.\u2013<\/span><\/li>\n<\/ul>\n<p>[\/et_pb_text][et_pb_image src=\u00a0\u00bbhttps:\/\/berneyassocies.com\/wp-content\/uploads\/2024\/05\/berney-associes-ficuciaire-Initiative185-0523-2.png\u00a0\u00bb title_text=\u00a0\u00bbberney-associes-ficuciaire-Initiative185-0523-2&Prime; _builder_version=\u00a0\u00bb4.25.1&Prime; _module_preset=\u00a0\u00bbdefault\u00a0\u00bb global_colors_info=\u00a0\u00bb{}\u00a0\u00bb][\/et_pb_image][et_pb_text _builder_version=\u00a0\u00bb4.25.1&Prime; _module_preset=\u00a0\u00bbdefault\u00a0\u00bb header_line_height=\u00a0\u00bb1.2em\u00a0\u00bb header_2_text_color=\u00a0\u00bb#002856&Prime; header_3_text_color=\u00a0\u00bb#002856&Prime; header_3_font_size=\u00a0\u00bb30px\u00a0\u00bb header_3_line_height=\u00a0\u00bb1.4em\u00a0\u00bb custom_margin=\u00a0\u00bb||||false|false\u00a0\u00bb global_colors_info=\u00a0\u00bb{}\u00a0\u00bb]<\/p>\n<p><span style=\"font-weight: 400;\">L\u2019exemple ci-dessus d\u00e9montre qu\u2019actuellement, le bouclier fiscal limite la charge d\u2019imp\u00f4ts ICC \u00e0 60 % du revenu net, ceci afin d\u2019\u00e9viter une imposition confiscatoire.<\/span><\/p>\n<p><span style=\"font-weight: 400;\">Or, si l\u2019IN185 devait \u00eatre accept\u00e9e par le peuple genevois, la charge d\u2019imp\u00f4ts de ce couple de retrait\u00e9\u00b7e\u00b7s deviendrait presque ind\u00e9cente. En effet, leur charge d\u2019imp\u00f4ts ICC repr\u00e9senterait plus du 150 % de leur revenu net !<\/span><\/p>\n<p>&nbsp;<\/p>\n<h3>4. Conclusion : pourquoi faut-il voter non ?<\/h3>\n<p><span style=\"font-weight: 400;\">En termes d\u2019imposition de la fortune, le canton de Gen\u00e8ve est d\u00e9j\u00e0 le canton suisse qui taxe le plus fortement ses contribuables. En effet, le taux maximum d\u2019imposition de la fortune se monte \u00e0 1 %, alors qu\u2019il se situe entre 0.57 % et 0.8 % dans les autres cantons romands. Dans certains cantons suisses al\u00e9maniques (notamment Nidwald, Schwytz, Uri), il ne d\u00e9passe m\u00eame gu\u00e8re les 0.2 %.<\/span><\/p>\n<p><span style=\"font-weight: 400;\">En instaurant une contribution suppl\u00e9mentaire et en durcissant l\u2019application du bouclier fiscal, le canton de Gen\u00e8ve aurait plus \u00e0 perdre qu\u2019\u00e0 gagner. En effet, Gen\u00e8ve perdrait en termes d\u2019attractivit\u00e9.<\/span><\/p>\n<p><span style=\"font-weight: 400;\">De plus, un exode fiscal des contribuables ais\u00e9\u00b7e\u00b7s vers d\u2019autres cantons proches tels que les cantons de Vaud et Valais n\u2019est pas impossible. Ces d\u00e9parts, que conna\u00eet actuellement la Norv\u00e8ge \u00e0 la suite d\u2019une l\u00e9g\u00e8re augmentation de la fiscalit\u00e9 (source), mettront \u00e0 n\u2019en point douter les finances des collectivit\u00e9s publiques genevoises en difficult\u00e9 \u00e0 court \/ moyen-terme. Pour compenser ces pertes fiscales, un arbitrage devra alors \u00eatre fait entre : i) augmenter les imp\u00f4ts de la classe moyenne ou ii) couper dans les budgets et les prestations de l\u2019\u00e9tat.<\/span><\/p>\n<p><span style=\"font-weight: 400;\">Gardons \u00e9galement \u00e0 l\u2019esprit que 78.5 % des recettes du canton de Gen\u00e8ve relatives \u00e0 l\u2019imp\u00f4t sur la fortune reposent sur seulement 2.9 % de ses contribuables (source). Taxer encore plus cette cat\u00e9gorie de contribuables nous semble \u00eatre une id\u00e9e totalement d\u00e9raisonnable et injuste au vue de la situation actuelle. De plus, l\u2019IN185 pourrait obliger certain\u00b7e\u00b7s entrepreneur\u00b7e\u00b7s genevoi\u00b7es \u00e0 se dessaisir de leur outil de travail pour s\u2019acquitter des imp\u00f4ts suppl\u00e9mentaires qu\u2019engendrerait cette initiative.<\/span><\/p>\n<p>[\/et_pb_text][\/et_pb_column][et_pb_column type=\u00a0\u00bb2_5&Prime; _builder_version=\u00a0\u00bb4.25.0&Prime; _module_preset=\u00a0\u00bbdefault\u00a0\u00bb z_index=\u00a0\u00bb1&Prime; sticky_position=\u00a0\u00bbtop\u00a0\u00bb sticky_offset_top=\u00a0\u00bb150px\u00a0\u00bb sticky_limit_bottom=\u00a0\u00bbrow\u00a0\u00bb sticky_offset_surrounding=\u00a0\u00bboff\u00a0\u00bb sticky_position_tablet=\u00a0\u00bbnone\u00a0\u00bb sticky_position_phone=\u00a0\u00bbnone\u00a0\u00bb sticky_position_last_edited=\u00a0\u00bbon|desktop\u00a0\u00bb global_colors_info=\u00a0\u00bb{}\u00a0\u00bb][et_pb_button button_url=\u00a0\u00bb@ET-DC@eyJkeW5hbWljIjp0cnVlLCJjb250ZW50IjoicG9zdF9saW5rX3VybF9hdHRhY2htZW50Iiwic2V0dGluZ3MiOnsicG9zdF9pZCI6IjIzNjU3OCJ9fQ==@\u00a0\u00bb url_new_window=\u00a0\u00bbon\u00a0\u00bb button_text=\u00a0\u00bbT\u00e9l\u00e9charger la news en version pdf\u00a0\u00bb _builder_version=\u00a0\u00bb4.25.1&Prime; _dynamic_attributes=\u00a0\u00bbbutton_url\u00a0\u00bb _module_preset=\u00a0\u00bbdefault\u00a0\u00bb custom_button=\u00a0\u00bbon\u00a0\u00bb button_text_size=\u00a0\u00bb14px\u00a0\u00bb button_text_color=\u00a0\u00bb#FB0346&Prime; button_bg_color=\u00a0\u00bbRGBA(255,255,255,0)\u00a0\u00bb button_border_width=\u00a0\u00bb2px\u00a0\u00bb button_border_color=\u00a0\u00bb#FB0346&Prime; button_border_radius=\u00a0\u00bb30px\u00a0\u00bb button_icon=\u00a0\u00bb&#x24;||divi||400&Prime; custom_margin_tablet=\u00a0\u00bb2em||||false|false\u00a0\u00bb custom_margin_phone=\u00a0\u00bb2em||||false|false\u00a0\u00bb custom_margin_last_edited=\u00a0\u00bbon|tablet\u00a0\u00bb global_colors_info=\u00a0\u00bb{%22gcid-8e43273b-69bc-45d5-a817-07da9f1ce23e%22:%91%22button_text_color__hover%22%93}\u00a0\u00bb button_bg_color__hover_enabled=\u00a0\u00bbon|desktop\u00a0\u00bb button_bg_color__hover=\u00a0\u00bb#FB0346&Prime; button_bg_enable_color__hover=\u00a0\u00bbon\u00a0\u00bb button_text_color__hover_enabled=\u00a0\u00bbon|desktop\u00a0\u00bb button_text_color__hover=\u00a0\u00bb#ffffff\u00a0\u00bb][\/et_pb_button][et_pb_text _builder_version=\u00a0\u00bb4.25.1&Prime; _module_preset=\u00a0\u00bbdefault\u00a0\u00bb header_line_height=\u00a0\u00bb1.2em\u00a0\u00bb header_2_text_color=\u00a0\u00bb#002856&Prime; header_3_text_color=\u00a0\u00bb#002856&Prime; header_3_font_size=\u00a0\u00bb30px\u00a0\u00bb header_3_line_height=\u00a0\u00bb1.4em\u00a0\u00bb custom_margin=\u00a0\u00bb||0px||false|false\u00a0\u00bb global_colors_info=\u00a0\u00bb{}\u00a0\u00bb]<\/p>\n<h2>Derni\u00e8res actualit\u00e9s<\/h2>\n<p>[\/et_pb_text][et_pb_blog posts_number=\u00a0\u00bb3&Prime; show_more=\u00a0\u00bbon\u00a0\u00bb show_author=\u00a0\u00bboff\u00a0\u00bb show_date=\u00a0\u00bboff\u00a0\u00bb show_categories=\u00a0\u00bboff\u00a0\u00bb show_excerpt=\u00a0\u00bboff\u00a0\u00bb show_pagination=\u00a0\u00bboff\u00a0\u00bb module_class=\u00a0\u00bbdt-blog\u00a0\u00bb _builder_version=\u00a0\u00bb4.25.1&Prime; _module_preset=\u00a0\u00bbdefault\u00a0\u00bb header_text_color=\u00a0\u00bb#002856&Prime; header_font_size=\u00a0\u00bb22px\u00a0\u00bb header_line_height=\u00a0\u00bb1.3em\u00a0\u00bb read_more_text_color=\u00a0\u00bb#002856&Prime; custom_margin_tablet=\u00a0\u00bb1rem||||false|false\u00a0\u00bb custom_margin_phone=\u00a0\u00bb1rem||||false|false\u00a0\u00bb custom_margin_last_edited=\u00a0\u00bbon|tablet\u00a0\u00bb hover_enabled=\u00a0\u00bb0&Prime; header_font_size_tablet=\u00a0\u00bb22px\u00a0\u00bb header_font_size_phone=\u00a0\u00bb20px\u00a0\u00bb header_font_size_last_edited=\u00a0\u00bbon|phone\u00a0\u00bb global_colors_info=\u00a0\u00bb{}\u00a0\u00bb include_categories=\u00a0\u00bb19&Prime; sticky_enabled=\u00a0\u00bb0&Prime;][\/et_pb_blog][\/et_pb_column][\/et_pb_row][\/et_pb_section][et_pb_section fb_built=\u00a0\u00bb1&Prime; _builder_version=\u00a0\u00bb4.25.1&Prime; _module_preset=\u00a0\u00bbdefault\u00a0\u00bb background_color=\u00a0\u00bb#002856&Prime; custom_margin=\u00a0\u00bb||5vh||false|false\u00a0\u00bb global_colors_info=\u00a0\u00bb{}\u00a0\u00bb][et_pb_row _builder_version=\u00a0\u00bb4.25.1&Prime; _module_preset=\u00a0\u00bbdefault\u00a0\u00bb width=\u00a0\u00bb50%\u00a0\u00bb width_tablet=\u00a0\u00bb80%\u00a0\u00bb width_phone=\u00a0\u00bb80%\u00a0\u00bb width_last_edited=\u00a0\u00bbon|tablet\u00a0\u00bb module_alignment=\u00a0\u00bbcenter\u00a0\u00bb custom_margin=\u00a0\u00bb2rem||2rem||true|false\u00a0\u00bb custom_padding=\u00a0\u00bb0px||0px||false|false\u00a0\u00bb animation_style=\u00a0\u00bbslide\u00a0\u00bb animation_direction=\u00a0\u00bbbottom\u00a0\u00bb animation_intensity_slide=\u00a0\u00bb4%\u00a0\u00bb global_colors_info=\u00a0\u00bb{}\u00a0\u00bb][et_pb_column type=\u00a0\u00bb4_4&Prime; _builder_version=\u00a0\u00bb4.23.4&Prime; _module_preset=\u00a0\u00bbdefault\u00a0\u00bb global_colors_info=\u00a0\u00bb{}\u00a0\u00bb][et_pb_text _builder_version=\u00a0\u00bb4.25.1&Prime; _module_preset=\u00a0\u00bbdefault\u00a0\u00bb header_2_text_color=\u00a0\u00bb#ffffff\u00a0\u00bb header_2_font_size=\u00a0\u00bb50px\u00a0\u00bb header_2_line_height=\u00a0\u00bb1.2em\u00a0\u00bb max_width_tablet=\u00a0\u00bb100%\u00a0\u00bb max_width_phone=\u00a0\u00bb100%\u00a0\u00bb max_width_last_edited=\u00a0\u00bbon|tablet\u00a0\u00bb module_alignment=\u00a0\u00bbcenter\u00a0\u00bb header_2_font_size_tablet=\u00a0\u00bb40px\u00a0\u00bb header_2_font_size_phone=\u00a0\u00bb30px\u00a0\u00bb header_2_font_size_last_edited=\u00a0\u00bbon|phone\u00a0\u00bb global_colors_info=\u00a0\u00bb{}\u00a0\u00bb]<\/p>\n<h2>Pour ces raisons, nous invitons les genevoises et genevois \u00e0 voter \u00ab non \u00bb \u00e0 l\u2019IN185 le 18 juin.<\/h2>\n<p>[\/et_pb_text][\/et_pb_column][\/et_pb_row][\/et_pb_section][et_pb_section fb_built=\u00a0\u00bb1&Prime; _builder_version=\u00a0\u00bb4.25.1&Prime; _module_preset=\u00a0\u00bbdefault\u00a0\u00bb width=\u00a0\u00bb80%\u00a0\u00bb module_alignment=\u00a0\u00bbcenter\u00a0\u00bb custom_margin=\u00a0\u00bb0px||0px||true|false\u00a0\u00bb custom_padding=\u00a0\u00bb0px||0px||true|false\u00a0\u00bb global_colors_info=\u00a0\u00bb{}\u00a0\u00bb][et_pb_row column_structure=\u00a0\u00bb2_5,3_5&Prime; use_custom_gutter=\u00a0\u00bbon\u00a0\u00bb gutter_width=\u00a0\u00bb2&Prime; make_equal=\u00a0\u00bbon\u00a0\u00bb _builder_version=\u00a0\u00bb4.23.4&Prime; _module_preset=\u00a0\u00bbdefault\u00a0\u00bb custom_margin=\u00a0\u00bb||0px||false|false\u00a0\u00bb custom_padding=\u00a0\u00bb||0px||false|false\u00a0\u00bb global_colors_info=\u00a0\u00bb{}\u00a0\u00bb][et_pb_column type=\u00a0\u00bb2_5&Prime; _builder_version=\u00a0\u00bb4.23.4&Prime; _module_preset=\u00a0\u00bbdefault\u00a0\u00bb global_colors_info=\u00a0\u00bb{}\u00a0\u00bb][et_pb_text _builder_version=\u00a0\u00bb4.25.1&Prime; _module_preset=\u00a0\u00bbdefault\u00a0\u00bb text_font=\u00a0\u00bbTheW NYC Regular||||||||\u00a0\u00bb text_font_size=\u00a0\u00bb30px\u00a0\u00bb text_line_height=\u00a0\u00bb1.3em\u00a0\u00bb width_tablet=\u00a0\u00bb\u00a0\u00bb width_phone=\u00a0\u00bb\u00a0\u00bb width_last_edited=\u00a0\u00bbon|desktop\u00a0\u00bb text_font_size_tablet=\u00a0\u00bb32px\u00a0\u00bb text_font_size_phone=\u00a0\u00bb26px\u00a0\u00bb text_font_size_last_edited=\u00a0\u00bbon|phone\u00a0\u00bb global_colors_info=\u00a0\u00bb{}\u00a0\u00bb]<\/p>\n<p><span style=\"font-weight: 400;\">Pour toutes questions relatives \u00e0 ce sujet, n\u2019h\u00e9sitez pas \u00e0 nous contacter !<\/span><\/p>\n<p>[\/et_pb_text][et_pb_button button_url=\u00a0\u00bb@ET-DC@eyJkeW5hbWljIjp0cnVlLCJjb250ZW50IjoicG9zdF9saW5rX3VybF9wYWdlIiwic2V0dGluZ3MiOnsicG9zdF9pZCI6IjI4OTc5In19@\u00a0\u00bb button_text=\u00a0\u00bbPrenons contact\u00a0\u00bb _builder_version=\u00a0\u00bb4.25.1&Prime; _dynamic_attributes=\u00a0\u00bbbutton_url\u00a0\u00bb _module_preset=\u00a0\u00bbdefault\u00a0\u00bb custom_button=\u00a0\u00bbon\u00a0\u00bb button_text_size=\u00a0\u00bb18px\u00a0\u00bb button_bg_color=\u00a0\u00bb#FB0346&Prime; button_border_width=\u00a0\u00bb0px\u00a0\u00bb button_border_radius=\u00a0\u00bb50px\u00a0\u00bb button_icon=\u00a0\u00bb&#x24;||divi||400&Prime; global_colors_info=\u00a0\u00bb{}\u00a0\u00bb button_bg_color__hover_enabled=\u00a0\u00bbon|hover\u00a0\u00bb button_bg_color__hover=\u00a0\u00bb#002856&Prime; button_bg_enable_color__hover=\u00a0\u00bbon\u00a0\u00bb][\/et_pb_button][\/et_pb_column][et_pb_column type=\u00a0\u00bb3_5&Prime; _builder_version=\u00a0\u00bb4.23.4&Prime; _module_preset=\u00a0\u00bbdefault\u00a0\u00bb global_colors_info=\u00a0\u00bb{}\u00a0\u00bb][et_pb_image src=\u00a0\u00bbhttps:\/\/berneyassocies.com\/wp-content\/uploads\/2024\/05\/berney-associes-fiduciaire-suisse-romande-service-entreprises-organisations-contact.jpg\u00a0\u00bb title_text=\u00a0\u00bbberney-associes-fiduciaire-suisse-romande-service-entreprises-organisations-contact\u00a0\u00bb force_fullwidth=\u00a0\u00bbon\u00a0\u00bb _builder_version=\u00a0\u00bb4.25.1&Prime; _module_preset=\u00a0\u00bbdefault\u00a0\u00bb animation_style=\u00a0\u00bbslide\u00a0\u00bb animation_direction=\u00a0\u00bbbottom\u00a0\u00bb animation_intensity_slide=\u00a0\u00bb3%\u00a0\u00bb global_colors_info=\u00a0\u00bb{}\u00a0\u00bb][\/et_pb_image][\/et_pb_column][\/et_pb_row][\/et_pb_section]<\/p>\n","protected":false},"excerpt":{"rendered":"<p>Warum w\u00e4re eine Annahme gef\u00e4hrlich f\u00fcr die Genfer Wirtschaft und die Mittelschicht?<\/p>","protected":false},"author":2,"featured_media":236292,"comment_status":"closed","ping_status":"closed","sticky":false,"template":"","format":"standard","meta":{"_acf_changed":false,"_et_pb_use_builder":"on","_et_pb_old_content":"","_et_gb_content_width":"1390","inline_featured_image":false,"footnotes":"","_links_to":"","_links_to_target":""},"categories":[19],"tags":[],"actualite-theme":[71],"class_list":["post-236584","post","type-post","status-publish","format-standard","has-post-thumbnail","hentry","category-actualites","actualite-theme-fiscalite"],"acf":[],"yoast_head":"<!-- This site is optimized with the Yoast SEO plugin v27.4 - https:\/\/yoast.com\/product\/yoast-seo-wordpress\/ -->\n<title>Initiative 185 - Votez non ! - Berney Associ\u00e9s SA<\/title>\n<meta name=\"description\" content=\"Tax News : Initiative 185 - Votez non ! Pourquoi l\u2019acceptation serait dangereuse pour l\u2019\u00e9conomie genevoise et la classe moyenne ?\" \/>\n<meta name=\"robots\" content=\"index, follow, max-snippet:-1, max-image-preview:large, max-video-preview:-1\" \/>\n<link rel=\"canonical\" href=\"https:\/\/berneyassocies.com\/de\/initiative-185-stimmen-sie-mit-nein\/\" \/>\n<meta property=\"og:locale\" content=\"de_DE\" \/>\n<meta property=\"og:type\" content=\"article\" \/>\n<meta property=\"og:title\" content=\"Initiative 185 - Votez non ! - Berney Associ\u00e9s SA\" \/>\n<meta property=\"og:description\" content=\"Tax News : Initiative 185 - Votez non ! Pourquoi l\u2019acceptation serait dangereuse pour l\u2019\u00e9conomie genevoise et la classe moyenne ?\" \/>\n<meta property=\"og:url\" content=\"https:\/\/berneyassocies.com\/de\/wp-json\/wp\/v2\/posts\/236584\" \/>\n<meta property=\"og:site_name\" content=\"Berney Associ\u00e9s SA\" \/>\n<meta property=\"article:published_time\" content=\"2023-05-23T09:35:00+00:00\" \/>\n<meta property=\"article:modified_time\" content=\"2024-06-05T14:27:47+00:00\" \/>\n<meta property=\"og:image\" content=\"https:\/\/berneyassocies.com\/wp-content\/uploads\/2024\/05\/berney-associes-fiduciaire-suisse-romande-c-service-14-scaled.jpg\" \/>\n\t<meta property=\"og:image:width\" content=\"2560\" \/>\n\t<meta property=\"og:image:height\" content=\"1025\" \/>\n\t<meta property=\"og:image:type\" content=\"image\/jpeg\" \/>\n<meta name=\"author\" content=\"Jessica Friedling\" \/>\n<meta name=\"twitter:card\" content=\"summary_large_image\" \/>\n<meta name=\"twitter:label1\" content=\"Verfasst von\" \/>\n\t<meta name=\"twitter:data1\" content=\"Jessica Friedling\" \/>\n\t<meta name=\"twitter:label2\" content=\"Gesch\u00e4tzte Lesezeit\" \/>\n\t<meta name=\"twitter:data2\" content=\"7\u00a0Minuten\" \/>\n<script type=\"application\/ld+json\" class=\"yoast-schema-graph\">{\"@context\":\"https:\\\/\\\/schema.org\",\"@graph\":[{\"@type\":\"NewsArticle\",\"@id\":\"https:\\\/\\\/berneyassocies.com\\\/initiative-185-votez-non\\\/#article\",\"isPartOf\":{\"@id\":\"https:\\\/\\\/berneyassocies.com\\\/initiative-185-votez-non\\\/\"},\"author\":{\"name\":\"Jessica Friedling\",\"@id\":\"https:\\\/\\\/berneyassocies.com\\\/#\\\/schema\\\/person\\\/896e510bc8d2a5a893b2e7eba657e20a\"},\"headline\":\"Initiative 185 &#8211; Votez non !\",\"datePublished\":\"2023-05-23T09:35:00+00:00\",\"dateModified\":\"2024-06-05T14:27:47+00:00\",\"mainEntityOfPage\":{\"@id\":\"https:\\\/\\\/berneyassocies.com\\\/initiative-185-votez-non\\\/\"},\"wordCount\":2483,\"publisher\":{\"@id\":\"https:\\\/\\\/berneyassocies.com\\\/#organization\"},\"image\":{\"@id\":\"https:\\\/\\\/berneyassocies.com\\\/initiative-185-votez-non\\\/#primaryimage\"},\"thumbnailUrl\":\"https:\\\/\\\/berneyassocies.com\\\/wp-content\\\/uploads\\\/2024\\\/05\\\/berney-associes-fiduciaire-suisse-romande-c-service-14-scaled.jpg\",\"articleSection\":[\"Actualit\u00e9s\"],\"inLanguage\":\"de\"},{\"@type\":\"WebPage\",\"@id\":\"https:\\\/\\\/berneyassocies.com\\\/initiative-185-votez-non\\\/\",\"url\":\"https:\\\/\\\/berneyassocies.com\\\/initiative-185-votez-non\\\/\",\"name\":\"Initiative 185 - Votez non ! - Berney Associ\u00e9s SA\",\"isPartOf\":{\"@id\":\"https:\\\/\\\/berneyassocies.com\\\/#website\"},\"primaryImageOfPage\":{\"@id\":\"https:\\\/\\\/berneyassocies.com\\\/initiative-185-votez-non\\\/#primaryimage\"},\"image\":{\"@id\":\"https:\\\/\\\/berneyassocies.com\\\/initiative-185-votez-non\\\/#primaryimage\"},\"thumbnailUrl\":\"https:\\\/\\\/berneyassocies.com\\\/wp-content\\\/uploads\\\/2024\\\/05\\\/berney-associes-fiduciaire-suisse-romande-c-service-14-scaled.jpg\",\"datePublished\":\"2023-05-23T09:35:00+00:00\",\"dateModified\":\"2024-06-05T14:27:47+00:00\",\"description\":\"Tax News : Initiative 185 - Votez non ! Pourquoi l\u2019acceptation serait dangereuse pour l\u2019\u00e9conomie genevoise et la classe moyenne ?\",\"breadcrumb\":{\"@id\":\"https:\\\/\\\/berneyassocies.com\\\/initiative-185-votez-non\\\/#breadcrumb\"},\"inLanguage\":\"de\",\"potentialAction\":[{\"@type\":\"ReadAction\",\"target\":[\"https:\\\/\\\/berneyassocies.com\\\/initiative-185-votez-non\\\/\"]}]},{\"@type\":\"ImageObject\",\"inLanguage\":\"de\",\"@id\":\"https:\\\/\\\/berneyassocies.com\\\/initiative-185-votez-non\\\/#primaryimage\",\"url\":\"https:\\\/\\\/berneyassocies.com\\\/wp-content\\\/uploads\\\/2024\\\/05\\\/berney-associes-fiduciaire-suisse-romande-c-service-14-scaled.jpg\",\"contentUrl\":\"https:\\\/\\\/berneyassocies.com\\\/wp-content\\\/uploads\\\/2024\\\/05\\\/berney-associes-fiduciaire-suisse-romande-c-service-14-scaled.jpg\",\"width\":2560,\"height\":1025},{\"@type\":\"BreadcrumbList\",\"@id\":\"https:\\\/\\\/berneyassocies.com\\\/initiative-185-votez-non\\\/#breadcrumb\",\"itemListElement\":[{\"@type\":\"ListItem\",\"position\":1,\"name\":\"Actualit\u00e9s\",\"item\":\"https:\\\/\\\/berneyassocies.com\\\/category\\\/actualites\\\/\"},{\"@type\":\"ListItem\",\"position\":2,\"name\":\"Initiative 185 &#8211; Votez non !\"}]},{\"@type\":\"WebSite\",\"@id\":\"https:\\\/\\\/berneyassocies.com\\\/#website\",\"url\":\"https:\\\/\\\/berneyassocies.com\\\/\",\"name\":\"Berney Associ\u00e9s SA\",\"description\":\"Votre fiduciaire en Suisse romande\",\"publisher\":{\"@id\":\"https:\\\/\\\/berneyassocies.com\\\/#organization\"},\"alternateName\":\"Votre fiduciaire en Suisse romande\",\"potentialAction\":[{\"@type\":\"SearchAction\",\"target\":{\"@type\":\"EntryPoint\",\"urlTemplate\":\"https:\\\/\\\/berneyassocies.com\\\/?s={search_term_string}\"},\"query-input\":{\"@type\":\"PropertyValueSpecification\",\"valueRequired\":true,\"valueName\":\"search_term_string\"}}],\"inLanguage\":\"de\"},{\"@type\":\"Organization\",\"@id\":\"https:\\\/\\\/berneyassocies.com\\\/#organization\",\"name\":\"Berney Associ\u00e9s SA\",\"alternateName\":\"Votre fiduciaire en Suisse romande\",\"url\":\"https:\\\/\\\/berneyassocies.com\\\/\",\"logo\":{\"@type\":\"ImageObject\",\"inLanguage\":\"de\",\"@id\":\"https:\\\/\\\/berneyassocies.com\\\/#\\\/schema\\\/logo\\\/image\\\/\",\"url\":\"https:\\\/\\\/berneyassocies.com\\\/wp-content\\\/uploads\\\/2025\\\/05\\\/Berney-Associes-Votre-Fiduciaire-en-Suisse-Romande.png\",\"contentUrl\":\"https:\\\/\\\/berneyassocies.com\\\/wp-content\\\/uploads\\\/2025\\\/05\\\/Berney-Associes-Votre-Fiduciaire-en-Suisse-Romande.png\",\"width\":1200,\"height\":628,\"caption\":\"Berney Associ\u00e9s SA\"},\"image\":{\"@id\":\"https:\\\/\\\/berneyassocies.com\\\/#\\\/schema\\\/logo\\\/image\\\/\"},\"sameAs\":[\"https:\\\/\\\/www.linkedin.com\\\/company\\\/berney-associ-s\\\/?originalSubdomain=fr\",\"https:\\\/\\\/www.instagram.com\\\/berneyassocies\\\/\",\"https:\\\/\\\/www.youtube.com\\\/channel\\\/UCRPy3E8GsTbCeg0qWpCmkpw\"]},{\"@type\":\"Person\",\"@id\":\"https:\\\/\\\/berneyassocies.com\\\/#\\\/schema\\\/person\\\/896e510bc8d2a5a893b2e7eba657e20a\",\"name\":\"Jessica Friedling\",\"image\":{\"@type\":\"ImageObject\",\"inLanguage\":\"de\",\"@id\":\"https:\\\/\\\/secure.gravatar.com\\\/avatar\\\/a5e931b523f23226cfbfbb2df0dc0dca67dd8837d4f70d674e00f1263b58f10d?s=96&d=mm&r=g\",\"url\":\"https:\\\/\\\/secure.gravatar.com\\\/avatar\\\/a5e931b523f23226cfbfbb2df0dc0dca67dd8837d4f70d674e00f1263b58f10d?s=96&d=mm&r=g\",\"contentUrl\":\"https:\\\/\\\/secure.gravatar.com\\\/avatar\\\/a5e931b523f23226cfbfbb2df0dc0dca67dd8837d4f70d674e00f1263b58f10d?s=96&d=mm&r=g\",\"caption\":\"Jessica Friedling\"},\"sameAs\":[\"https:\\\/\\\/ta-daaa.ch\"]}]}<\/script>\n<!-- \/ Yoast SEO plugin. -->","yoast_head_json":{"title":"Initiative 185 - Stimmen Sie mit Nein! - Berney Associ\u00e9s SA","description":"Tax News: Initiative 185 - Stimmen Sie mit Nein! Warum w\u00e4re eine Annahme gef\u00e4hrlich f\u00fcr die Genfer Wirtschaft und die Mittelschicht?","robots":{"index":"index","follow":"follow","max-snippet":"max-snippet:-1","max-image-preview":"max-image-preview:large","max-video-preview":"max-video-preview:-1"},"canonical":"https:\/\/berneyassocies.com\/de\/initiative-185-stimmen-sie-mit-nein\/","og_locale":"de_DE","og_type":"article","og_title":"Initiative 185 - Votez non ! - Berney Associ\u00e9s SA","og_description":"Tax News : Initiative 185 - Votez non ! Pourquoi l\u2019acceptation serait dangereuse pour l\u2019\u00e9conomie genevoise et la classe moyenne ?","og_url":"https:\/\/berneyassocies.com\/de\/wp-json\/wp\/v2\/posts\/236584","og_site_name":"Berney Associ\u00e9s SA","article_published_time":"2023-05-23T09:35:00+00:00","article_modified_time":"2024-06-05T14:27:47+00:00","og_image":[{"width":2560,"height":1025,"url":"https:\/\/berneyassocies.com\/wp-content\/uploads\/2024\/05\/berney-associes-fiduciaire-suisse-romande-c-service-14-scaled.jpg","type":"image\/jpeg"}],"author":"Jessica Friedling","twitter_card":"summary_large_image","twitter_misc":{"Verfasst von":"Jessica Friedling","Gesch\u00e4tzte Lesezeit":"7\u00a0Minuten"},"schema":{"@context":"https:\/\/schema.org","@graph":[{"@type":"NewsArticle","@id":"https:\/\/berneyassocies.com\/initiative-185-votez-non\/#article","isPartOf":{"@id":"https:\/\/berneyassocies.com\/initiative-185-votez-non\/"},"author":{"name":"Jessica Friedling","@id":"https:\/\/berneyassocies.com\/#\/schema\/person\/896e510bc8d2a5a893b2e7eba657e20a"},"headline":"Initiative 185 &#8211; Votez non !","datePublished":"2023-05-23T09:35:00+00:00","dateModified":"2024-06-05T14:27:47+00:00","mainEntityOfPage":{"@id":"https:\/\/berneyassocies.com\/initiative-185-votez-non\/"},"wordCount":2483,"publisher":{"@id":"https:\/\/berneyassocies.com\/#organization"},"image":{"@id":"https:\/\/berneyassocies.com\/initiative-185-votez-non\/#primaryimage"},"thumbnailUrl":"https:\/\/berneyassocies.com\/wp-content\/uploads\/2024\/05\/berney-associes-fiduciaire-suisse-romande-c-service-14-scaled.jpg","articleSection":["Actualit\u00e9s"],"inLanguage":"de"},{"@type":"WebPage","@id":"https:\/\/berneyassocies.com\/initiative-185-votez-non\/","url":"https:\/\/berneyassocies.com\/initiative-185-votez-non\/","name":"Initiative 185 - Stimmen Sie mit Nein! - Berney Associ\u00e9s SA","isPartOf":{"@id":"https:\/\/berneyassocies.com\/#website"},"primaryImageOfPage":{"@id":"https:\/\/berneyassocies.com\/initiative-185-votez-non\/#primaryimage"},"image":{"@id":"https:\/\/berneyassocies.com\/initiative-185-votez-non\/#primaryimage"},"thumbnailUrl":"https:\/\/berneyassocies.com\/wp-content\/uploads\/2024\/05\/berney-associes-fiduciaire-suisse-romande-c-service-14-scaled.jpg","datePublished":"2023-05-23T09:35:00+00:00","dateModified":"2024-06-05T14:27:47+00:00","description":"Tax News: Initiative 185 - Stimmen Sie mit Nein! Warum w\u00e4re eine Annahme gef\u00e4hrlich f\u00fcr die Genfer Wirtschaft und die Mittelschicht?","breadcrumb":{"@id":"https:\/\/berneyassocies.com\/initiative-185-votez-non\/#breadcrumb"},"inLanguage":"de","potentialAction":[{"@type":"ReadAction","target":["https:\/\/berneyassocies.com\/initiative-185-votez-non\/"]}]},{"@type":"ImageObject","inLanguage":"de","@id":"https:\/\/berneyassocies.com\/initiative-185-votez-non\/#primaryimage","url":"https:\/\/berneyassocies.com\/wp-content\/uploads\/2024\/05\/berney-associes-fiduciaire-suisse-romande-c-service-14-scaled.jpg","contentUrl":"https:\/\/berneyassocies.com\/wp-content\/uploads\/2024\/05\/berney-associes-fiduciaire-suisse-romande-c-service-14-scaled.jpg","width":2560,"height":1025},{"@type":"BreadcrumbList","@id":"https:\/\/berneyassocies.com\/initiative-185-votez-non\/#breadcrumb","itemListElement":[{"@type":"ListItem","position":1,"name":"Actualit\u00e9s","item":"https:\/\/berneyassocies.com\/category\/actualites\/"},{"@type":"ListItem","position":2,"name":"Initiative 185 &#8211; Votez non !"}]},{"@type":"WebSite","@id":"https:\/\/berneyassocies.com\/#website","url":"https:\/\/berneyassocies.com\/","name":"Berney Associ\u00e9s SA","description":"Ihr Treuh\u00e4nder in der Westschweiz","publisher":{"@id":"https:\/\/berneyassocies.com\/#organization"},"alternateName":"Votre fiduciaire en Suisse romande","potentialAction":[{"@type":"SearchAction","target":{"@type":"EntryPoint","urlTemplate":"https:\/\/berneyassocies.com\/?s={search_term_string}"},"query-input":{"@type":"PropertyValueSpecification","valueRequired":true,"valueName":"search_term_string"}}],"inLanguage":"de"},{"@type":"Organization","@id":"https:\/\/berneyassocies.com\/#organization","name":"Berney Associ\u00e9s SA","alternateName":"Votre fiduciaire en Suisse romande","url":"https:\/\/berneyassocies.com\/","logo":{"@type":"ImageObject","inLanguage":"de","@id":"https:\/\/berneyassocies.com\/#\/schema\/logo\/image\/","url":"https:\/\/berneyassocies.com\/wp-content\/uploads\/2025\/05\/Berney-Associes-Votre-Fiduciaire-en-Suisse-Romande.png","contentUrl":"https:\/\/berneyassocies.com\/wp-content\/uploads\/2025\/05\/Berney-Associes-Votre-Fiduciaire-en-Suisse-Romande.png","width":1200,"height":628,"caption":"Berney Associ\u00e9s SA"},"image":{"@id":"https:\/\/berneyassocies.com\/#\/schema\/logo\/image\/"},"sameAs":["https:\/\/www.linkedin.com\/company\/berney-associ-s\/?originalSubdomain=fr","https:\/\/www.instagram.com\/berneyassocies\/","https:\/\/www.youtube.com\/channel\/UCRPy3E8GsTbCeg0qWpCmkpw"]},{"@type":"Person","@id":"https:\/\/berneyassocies.com\/#\/schema\/person\/896e510bc8d2a5a893b2e7eba657e20a","name":"Jessica Friedling","image":{"@type":"ImageObject","inLanguage":"de","@id":"https:\/\/secure.gravatar.com\/avatar\/a5e931b523f23226cfbfbb2df0dc0dca67dd8837d4f70d674e00f1263b58f10d?s=96&d=mm&r=g","url":"https:\/\/secure.gravatar.com\/avatar\/a5e931b523f23226cfbfbb2df0dc0dca67dd8837d4f70d674e00f1263b58f10d?s=96&d=mm&r=g","contentUrl":"https:\/\/secure.gravatar.com\/avatar\/a5e931b523f23226cfbfbb2df0dc0dca67dd8837d4f70d674e00f1263b58f10d?s=96&d=mm&r=g","caption":"Jessica Friedling"},"sameAs":["https:\/\/ta-daaa.ch"]}]}},"_links":{"self":[{"href":"https:\/\/berneyassocies.com\/de\/wp-json\/wp\/v2\/posts\/236584","targetHints":{"allow":["GET"]}}],"collection":[{"href":"https:\/\/berneyassocies.com\/de\/wp-json\/wp\/v2\/posts"}],"about":[{"href":"https:\/\/berneyassocies.com\/de\/wp-json\/wp\/v2\/types\/post"}],"author":[{"embeddable":true,"href":"https:\/\/berneyassocies.com\/de\/wp-json\/wp\/v2\/users\/2"}],"replies":[{"embeddable":true,"href":"https:\/\/berneyassocies.com\/de\/wp-json\/wp\/v2\/comments?post=236584"}],"version-history":[{"count":8,"href":"https:\/\/berneyassocies.com\/de\/wp-json\/wp\/v2\/posts\/236584\/revisions"}],"predecessor-version":[{"id":237103,"href":"https:\/\/berneyassocies.com\/de\/wp-json\/wp\/v2\/posts\/236584\/revisions\/237103"}],"wp:featuredmedia":[{"embeddable":true,"href":"https:\/\/berneyassocies.com\/de\/wp-json\/wp\/v2\/media\/236292"}],"wp:attachment":[{"href":"https:\/\/berneyassocies.com\/de\/wp-json\/wp\/v2\/media?parent=236584"}],"wp:term":[{"taxonomy":"category","embeddable":true,"href":"https:\/\/berneyassocies.com\/de\/wp-json\/wp\/v2\/categories?post=236584"},{"taxonomy":"post_tag","embeddable":true,"href":"https:\/\/berneyassocies.com\/de\/wp-json\/wp\/v2\/tags?post=236584"},{"taxonomy":"actualite-theme","embeddable":true,"href":"https:\/\/berneyassocies.com\/de\/wp-json\/wp\/v2\/actualite-theme?post=236584"}],"curies":[{"name":"wp","href":"https:\/\/api.w.org\/{rel}","templated":true}]}}