{"id":242162,"date":"2025-08-05T16:07:04","date_gmt":"2025-08-05T14:07:04","guid":{"rendered":"https:\/\/berneyassocies.com\/?p=242162"},"modified":"2026-01-20T10:44:23","modified_gmt":"2026-01-20T09:44:23","slug":"jahrliche-abstimmungen-der-mehrwertsteuer","status":"publish","type":"post","link":"https:\/\/berneyassocies.com\/de\/reconciliation-annuelle-de-la-tva\/","title":{"rendered":"J\u00e4hrliche Abstimmung der Mehrwertsteuer"},"content":{"rendered":"\n[et_pb_section fb_built=\u00a0\u00bb1&Prime; _builder_version=\u00a0\u00bb4.23.4&Prime; _module_preset=\u00a0\u00bbdefault\u00a0\u00bb background_color=\u00a0\u00bb#002856&Prime; custom_margin=\u00a0\u00bb0px||||false|false\u00a0\u00bb custom_padding=\u00a0\u00bb0px||0px||true|false\u00a0\u00bb da_disable_devices=\u00a0\u00bboff|off|off\u00a0\u00bb global_colors_info=\u00a0\u00bb{}\u00a0\u00bb da_is_popup=\u00a0\u00bboff\u00a0\u00bb da_exit_intent=\u00a0\u00bboff\u00a0\u00bb da_has_close=\u00a0\u00bbon\u00a0\u00bb da_alt_close=\u00a0\u00bboff\u00a0\u00bb da_dark_close=\u00a0\u00bboff\u00a0\u00bb da_not_modal=\u00a0\u00bbon\u00a0\u00bb da_is_singular=\u00a0\u00bboff\u00a0\u00bb da_with_loader=\u00a0\u00bboff\u00a0\u00bb da_has_shadow=\u00a0\u00bbon\u00a0\u00bb][et_pb_row _builder_version=\u00a0\u00bb4.23.4&Prime; _module_preset=\u00a0\u00bbdefault\u00a0\u00bb global_colors_info=\u00a0\u00bb{}\u00a0\u00bb][et_pb_column type=\u00a0\u00bb4_4&Prime; _builder_version=\u00a0\u00bb4.23.4&Prime; _module_preset=\u00a0\u00bbdefault\u00a0\u00bb global_colors_info=\u00a0\u00bb{}\u00a0\u00bb][et_pb_post_title meta=\u00a0\u00bboff\u00a0\u00bb featured_image=\u00a0\u00bboff\u00a0\u00bb _builder_version=\u00a0\u00bb4.25.1&Prime; _module_preset=\u00a0\u00bbdefault\u00a0\u00bb title_text_color=\u00a0\u00bbgcid-8e43273b-69bc-45d5-a817-07da9f1ce23e\u00a0\u00bb title_font_size=\u00a0\u00bb60px\u00a0\u00bb title_line_height=\u00a0\u00bb1.3em\u00a0\u00bb width=\u00a0\u00bb55%\u00a0\u00bb width_tablet=\u00a0\u00bb100%\u00a0\u00bb width_phone=\u00a0\u00bb100%\u00a0\u00bb width_last_edited=\u00a0\u00bbon|desktop\u00a0\u00bb title_font_size_tablet=\u00a0\u00bb40px\u00a0\u00bb title_font_size_phone=\u00a0\u00bb30px\u00a0\u00bb title_font_size_last_edited=\u00a0\u00bbon|phone\u00a0\u00bb global_colors_info=\u00a0\u00bb{%22gcid-8e43273b-69bc-45d5-a817-07da9f1ce23e%22:%91%22title_text_color%22%93}\u00a0\u00bb][\/et_pb_post_title][\/et_pb_column][\/et_pb_row][\/et_pb_section][et_pb_section fb_built=\u00a0\u00bb1&Prime; disabled_on=\u00a0\u00bboff|off|on\u00a0\u00bb _builder_version=\u00a0\u00bb4.23.4&Prime; _module_preset=\u00a0\u00bbdefault\u00a0\u00bb custom_margin=\u00a0\u00bb||20px||false|false\u00a0\u00bb custom_padding=\u00a0\u00bb0px||0px||true|false\u00a0\u00bb da_disable_devices=\u00a0\u00bboff|off|off\u00a0\u00bb global_colors_info=\u00a0\u00bb{}\u00a0\u00bb da_is_popup=\u00a0\u00bboff\u00a0\u00bb da_exit_intent=\u00a0\u00bboff\u00a0\u00bb da_has_close=\u00a0\u00bbon\u00a0\u00bb da_alt_close=\u00a0\u00bboff\u00a0\u00bb da_dark_close=\u00a0\u00bboff\u00a0\u00bb da_not_modal=\u00a0\u00bbon\u00a0\u00bb da_is_singular=\u00a0\u00bboff\u00a0\u00bb da_with_loader=\u00a0\u00bboff\u00a0\u00bb da_has_shadow=\u00a0\u00bbon\u00a0\u00bb][et_pb_row disabled_on=\u00a0\u00bboff|off|off\u00a0\u00bb _builder_version=\u00a0\u00bb4.23.4&Prime; _module_preset=\u00a0\u00bbdefault\u00a0\u00bb width=\u00a0\u00bb100%\u00a0\u00bb max_width=\u00a0\u00bb100%\u00a0\u00bb custom_padding=\u00a0\u00bb0px||10px||false|false\u00a0\u00bb global_colors_info=\u00a0\u00bb{}\u00a0\u00bb][et_pb_column type=\u00a0\u00bb4_4&Prime; _builder_version=\u00a0\u00bb4.23.4&Prime; _module_preset=\u00a0\u00bbdefault\u00a0\u00bb global_colors_info=\u00a0\u00bb{}\u00a0\u00bb][et_pb_post_title title=\u00a0\u00bboff\u00a0\u00bb meta=\u00a0\u00bboff\u00a0\u00bb _builder_version=\u00a0\u00bb4.25.1&Prime; _module_preset=\u00a0\u00bbdefault\u00a0\u00bb animation_style=\u00a0\u00bbslide\u00a0\u00bb animation_direction=\u00a0\u00bbbottom\u00a0\u00bb animation_intensity_slide=\u00a0\u00bb5%\u00a0\u00bb global_colors_info=\u00a0\u00bb{}\u00a0\u00bb][\/et_pb_post_title][\/et_pb_column][\/et_pb_row][\/et_pb_section][et_pb_section fb_built=\u00a0\u00bb1&Prime; specialty=\u00a0\u00bbon\u00a0\u00bb custom_padding_last_edited=\u00a0\u00bbon|desktop\u00a0\u00bb module_class_1=\u00a0\u00bbevent_single_col_1&Prime; module_class_2=\u00a0\u00bbevent_single_col_2&Prime; _builder_version=\u00a0\u00bb4.25.1&Prime; _module_preset=\u00a0\u00bbdefault\u00a0\u00bb width=\u00a0\u00bb80%\u00a0\u00bb module_alignment=\u00a0\u00bbcenter\u00a0\u00bb custom_padding=\u00a0\u00bb10px||0px||false|false\u00a0\u00bb custom_padding_tablet=\u00a0\u00bb0px||||false|false\u00a0\u00bb custom_padding_phone=\u00a0\u00bb0px||||false|false\u00a0\u00bb da_disable_devices=\u00a0\u00bboff|off|off\u00a0\u00bb global_colors_info=\u00a0\u00bb{}\u00a0\u00bb da_is_popup=\u00a0\u00bboff\u00a0\u00bb da_exit_intent=\u00a0\u00bboff\u00a0\u00bb da_has_close=\u00a0\u00bbon\u00a0\u00bb da_alt_close=\u00a0\u00bboff\u00a0\u00bb da_dark_close=\u00a0\u00bboff\u00a0\u00bb da_not_modal=\u00a0\u00bbon\u00a0\u00bb da_is_singular=\u00a0\u00bboff\u00a0\u00bb da_with_loader=\u00a0\u00bboff\u00a0\u00bb da_has_shadow=\u00a0\u00bbon\u00a0\u00bb][et_pb_column type=\u00a0\u00bb1_2&Prime; specialty_columns=\u00a0\u00bb2&Prime; _builder_version=\u00a0\u00bb4.16&Prime; custom_padding=\u00a0\u00bb|||\u00a0\u00bb global_colors_info=\u00a0\u00bb{}\u00a0\u00bb custom_padding__hover=\u00a0\u00bb|||\u00a0\u00bb][et_pb_row_inner _builder_version=\u00a0\u00bb4.24.3&Prime; _module_preset=\u00a0\u00bbdefault\u00a0\u00bb custom_padding=\u00a0\u00bb0px||0px||true|false\u00a0\u00bb global_colors_info=\u00a0\u00bb{}\u00a0\u00bb][et_pb_column_inner saved_specialty_column_type=\u00a0\u00bb1_2&Prime; _builder_version=\u00a0\u00bb4.23.4&Prime; _module_preset=\u00a0\u00bbdefault\u00a0\u00bb global_colors_info=\u00a0\u00bb{}\u00a0\u00bb][et_pb_code module_class=\u00a0\u00bbbreadcrumb\u00a0\u00bb _builder_version=\u00a0\u00bb4.24.3&Prime; _module_preset=\u00a0\u00bbdefault\u00a0\u00bb custom_margin=\u00a0\u00bb0px||||false|false\u00a0\u00bb global_module=\u00a0\u00bb233714&Prime; global_colors_info=\u00a0\u00bb{}\u00a0\u00bb][\/et_pb_code][\/et_pb_column_inner][\/et_pb_row_inner][\/et_pb_column][et_pb_column type=\u00a0\u00bb1_2&Prime; _builder_version=\u00a0\u00bb4.16&Prime; custom_padding=\u00a0\u00bb|||\u00a0\u00bb global_colors_info=\u00a0\u00bb{}\u00a0\u00bb custom_padding__hover=\u00a0\u00bb|||\u00a0\u00bb][et_pb_post_title title=\u00a0\u00bboff\u00a0\u00bb meta=\u00a0\u00bboff\u00a0\u00bb disabled_on=\u00a0\u00bbon|on|off\u00a0\u00bb _builder_version=\u00a0\u00bb4.25.1&Prime; _module_preset=\u00a0\u00bbdefault\u00a0\u00bb positioning=\u00a0\u00bbabsolute\u00a0\u00bb position_origin_a=\u00a0\u00bbbottom_left\u00a0\u00bb vertical_offset=\u00a0\u00bb20px\u00a0\u00bb width=\u00a0\u00bb100%\u00a0\u00bb custom_margin=\u00a0\u00bb||||false|false\u00a0\u00bb custom_padding=\u00a0\u00bb||||false|false\u00a0\u00bb animation_style=\u00a0\u00bbslide\u00a0\u00bb animation_direction=\u00a0\u00bbbottom\u00a0\u00bb animation_intensity_slide=\u00a0\u00bb5%\u00a0\u00bb global_colors_info=\u00a0\u00bb{}\u00a0\u00bb][\/et_pb_post_title][\/et_pb_column][\/et_pb_section][et_pb_section fb_built=\u00a0\u00bb1&Prime; _builder_version=\u00a0\u00bb4.27.4&Prime; _module_preset=\u00a0\u00bbdefault\u00a0\u00bb width=\u00a0\u00bb80%\u00a0\u00bb module_alignment=\u00a0\u00bbcenter\u00a0\u00bb custom_margin=\u00a0\u00bb|||6px|false|false\u00a0\u00bb custom_padding=\u00a0\u00bb4px||||false|false\u00a0\u00bb da_disable_devices=\u00a0\u00bboff|off|off\u00a0\u00bb global_colors_info=\u00a0\u00bb{}\u00a0\u00bb da_is_popup=\u00a0\u00bboff\u00a0\u00bb da_exit_intent=\u00a0\u00bboff\u00a0\u00bb da_has_close=\u00a0\u00bbon\u00a0\u00bb da_alt_close=\u00a0\u00bboff\u00a0\u00bb da_dark_close=\u00a0\u00bboff\u00a0\u00bb da_not_modal=\u00a0\u00bbon\u00a0\u00bb da_is_singular=\u00a0\u00bboff\u00a0\u00bb da_with_loader=\u00a0\u00bboff\u00a0\u00bb da_has_shadow=\u00a0\u00bbon\u00a0\u00bb][et_pb_row column_structure=\u00a0\u00bb3_5,2_5&Prime; _builder_version=\u00a0\u00bb4.25.1&Prime; _module_preset=\u00a0\u00bbdefault\u00a0\u00bb custom_padding=\u00a0\u00bb0px||||false|false\u00a0\u00bb global_colors_info=\u00a0\u00bb{}\u00a0\u00bb][et_pb_column type=\u00a0\u00bb3_5&Prime; _builder_version=\u00a0\u00bb4.23.4&Prime; _module_preset=\u00a0\u00bbdefault\u00a0\u00bb global_colors_info=\u00a0\u00bb{}\u00a0\u00bb][et_pb_text _builder_version=\u00a0\u00bb4.27.4&Prime; _module_preset=\u00a0\u00bbdefault\u00a0\u00bb text_text_color=\u00a0\u00bb#FB0346&Prime; header_2_text_color=\u00a0\u00bb#002856&Prime; header_3_text_color=\u00a0\u00bb#FB0346&Prime; header_3_line_height=\u00a0\u00bb1.4em\u00a0\u00bb min_height=\u00a0\u00bb10px\u00a0\u00bb custom_margin=\u00a0\u00bb2px||2px||true|true\u00a0\u00bb custom_padding=\u00a0\u00bb0px||0px||true|true\u00a0\u00bb hover_enabled=\u00a0\u00bb0&Prime; global_colors_info=\u00a0\u00bb{}\u00a0\u00bb sticky_enabled=\u00a0\u00bb0&Prime;]<h3>Une \u00e9tape incontournable et obligatoire<\/h3>[\/et_pb_text][et_pb_text _builder_version=\u00a0\u00bb4.27.4&Prime; _module_preset=\u00a0\u00bbdefault\u00a0\u00bb header_2_text_color=\u00a0\u00bb#002856&Prime; header_3_text_color=\u00a0\u00bb#002856&Prime; header_3_line_height=\u00a0\u00bb1.4em\u00a0\u00bb min_height=\u00a0\u00bb80px\u00a0\u00bb custom_margin=\u00a0\u00bb2px||15px||false|true\u00a0\u00bb custom_padding=\u00a0\u00bb11px||0px||false|true\u00a0\u00bb hover_enabled=\u00a0\u00bb0&Prime; global_colors_info=\u00a0\u00bb{}\u00a0\u00bb sticky_enabled=\u00a0\u00bb0&Prime;]<p>La r\u00e9conciliation annuelle est une obligation l\u00e9gale (article 72 de la Loi sur la TVA et article 128 de l\u2019ordonnance sur la TVA) pour toutes les entreprises assujetties \u00e0 la TVA en Suisse. Elle permet de garantir des d\u00e9clarations fiscales pr\u00e9cises et correctes en r\u00e9conciliant\/comparant annuellement les montants du chiffre d&rsquo;affaires et d\u2019imp\u00f4t pr\u00e9alable (TVA r\u00e9cup\u00e9r\u00e9e) d\u00e9clar\u00e9s dans ses d\u00e9comptes TVA avec ses comptes annuels et \u00e9tats financiers. Les travaux de r\u00e9conciliation de la TVA visent \u00e0 v\u00e9rifier et justifier le traitement fiscal appliqu\u00e9 tout au long de l&rsquo;ann\u00e9e.<\/p>[\/et_pb_text][et_pb_text _builder_version=\u00a0\u00bb4.27.4&Prime; _module_preset=\u00a0\u00bbdefault\u00a0\u00bb header_2_text_color=\u00a0\u00bb#002856&Prime; header_3_text_color=\u00a0\u00bb#FB0346&Prime; header_3_line_height=\u00a0\u00bb1.4em\u00a0\u00bb min_height=\u00a0\u00bb66px\u00a0\u00bb custom_margin=\u00a0\u00bb2px||2px||false|true\u00a0\u00bb custom_padding=\u00a0\u00bb25px||0px||false|true\u00a0\u00bb hover_enabled=\u00a0\u00bb0&Prime; global_colors_info=\u00a0\u00bb{}\u00a0\u00bb sticky_enabled=\u00a0\u00bb0&Prime;]<h3>Pourquoi est-ce essentiel ?<\/h3>[\/et_pb_text][et_pb_text _builder_version=\u00a0\u00bb4.27.4&Prime; _module_preset=\u00a0\u00bbdefault\u00a0\u00bb header_2_text_color=\u00a0\u00bb#002856&Prime; header_3_text_color=\u00a0\u00bb#002856&Prime; header_3_line_height=\u00a0\u00bb1.4em\u00a0\u00bb min_height=\u00a0\u00bb49px\u00a0\u00bb custom_margin=\u00a0\u00bb2px||15px||false|true\u00a0\u00bb custom_padding=\u00a0\u00bb8px||0px||false|true\u00a0\u00bb hover_enabled=\u00a0\u00bb0&Prime; global_colors_info=\u00a0\u00bb{}\u00a0\u00bb sticky_enabled=\u00a0\u00bb0&Prime; ol_text_color=\u00a0\u00bb#FB0346&Prime;]<p>&nbsp;<\/p>\n<ol>\n<li>Conformit\u00e9 l\u00e9gale\u00a0:<\/li>\n<\/ol>\n<ul>\n<li style=\"list-style-type: none;\">\n<ul>\n<li>Garantir la conformit\u00e9 avec l&rsquo;Administration F\u00e9d\u00e9rale des Contributions (AFC-TVA).<\/li>\n<li>\u00c9viter les amendes pour divergences non corrig\u00e9es.<\/li>\n<\/ul>\n<\/li>\n<\/ul>\n<ol start=\"2\">\n<li>Limiter les risques en identifiant les \u00e9carts :<\/li>\n<\/ol>\n<ul>\n<li style=\"list-style-type: none;\">\n<ul>\n<li>Identifier et d\u00e9clarer les \u00e9carts avec un d\u00e9compte rectificatif sp\u00e9cifique.<\/li>\n<li>Limiter les int\u00e9r\u00eats moratoires et les erreurs co\u00fbteuses en rectifiant rapidement la situation vis-\u00e0-vis de l\u2019AFC &#8211; TVA.<\/li>\n<\/ul>\n<\/li>\n<\/ul>\n<ol start=\"3\">\n<li>Garantir votre image vis-\u00e0-vis de l\u2019AFC-TVA :<\/li>\n<\/ol>\n<ul>\n<li style=\"list-style-type: none;\">\n<ul>\n<li>Les r\u00e9conciliations sont syst\u00e9matiquement demand\u00e9es lors des contr\u00f4les TVA.<\/li>\n<li>Une pr\u00e9paration minutieuse et compr\u00e9hensible des r\u00e9conciliations annuelles de la TVA est un indicateur de la rigueur avec laquelle votre entreprise g\u00e8re ses obligations fiscales et limite ainsi le risque de questions\/contestations.<\/li>\n<\/ul>\n<\/li>\n<\/ul>\n<ol start=\"4\">\n<li>Optimiser la gestion TVA de vos op\u00e9rations :<\/li>\n<\/ol>\n<ul>\n<li style=\"list-style-type: none;\">\n<ul>\n<li>Utiliser la r\u00e9conciliation comme un outil d\u2019apprentissage instructif pour les responsables financiers (compr\u00e9hension approfondie des op\u00e9rations).<\/li>\n<li>Offrir au management une meilleure capacit\u00e9 de gestion des risques financiers et fiscaux.<\/li>\n<li>Permettre de prendre les mesures n\u00e9cessaires en cas d\u2019\u00e9carts, comptabilisations erron\u00e9es, traitements TVA inexacts\u2026<\/li>\n<\/ul>\n<\/li>\n<\/ul>[\/et_pb_text][et_pb_text _builder_version=\u00a0\u00bb4.27.4&Prime; _module_preset=\u00a0\u00bbdefault\u00a0\u00bb header_2_text_color=\u00a0\u00bb#002856&Prime; header_3_text_color=\u00a0\u00bb#FB0346&Prime; header_3_line_height=\u00a0\u00bb1.4em\u00a0\u00bb min_height=\u00a0\u00bb66px\u00a0\u00bb custom_margin=\u00a0\u00bb2px||2px||false|true\u00a0\u00bb custom_padding=\u00a0\u00bb7px||0px||false|true\u00a0\u00bb hover_enabled=\u00a0\u00bb0&Prime; global_colors_info=\u00a0\u00bb{}\u00a0\u00bb sticky_enabled=\u00a0\u00bb0&Prime;]<h3>Conseils pratiques pour la r\u00e9conciliation<\/h3>[\/et_pb_text][et_pb_text _builder_version=\u00a0\u00bb4.27.4&Prime; _module_preset=\u00a0\u00bbdefault\u00a0\u00bb header_2_text_color=\u00a0\u00bb#002856&Prime; header_3_text_color=\u00a0\u00bb#002856&Prime; header_3_line_height=\u00a0\u00bb1.4em\u00a0\u00bb min_height=\u00a0\u00bb69px\u00a0\u00bb custom_margin=\u00a0\u00bb2px||6px||false|true\u00a0\u00bb custom_padding=\u00a0\u00bb0px||0px||false|true\u00a0\u00bb hover_enabled=\u00a0\u00bb0&Prime; global_colors_info=\u00a0\u00bb{}\u00a0\u00bb sticky_enabled=\u00a0\u00bb0&Prime;]<ul>\n<li>Planification rigoureuse : Entreprenez les travaux de r\u00e9conciliation le plus t\u00f4t possible pour garantir que toutes les informations sont compl\u00e8tes, document\u00e9es et pr\u00eates \u00e0 l&rsquo;examen, et ce d\u00e8s la cl\u00f4ture de votre exercice et au plus tard avant le <strong>30 ao\u00fbt<\/strong> de l\u2019ann\u00e9e suivante.<\/li>\n<\/ul>\n<ul>\n<li>Documentation compl\u00e8te : Maintenez des dossiers compr\u00e9hensibles et accessibles afin de faciliter toute v\u00e9rification par l&rsquo;AFC-TVA.<\/li>\n<\/ul>\n<ul>\n<li>Actualisation : Int\u00e9grez les nouveaut\u00e9s TVA dans vos processus et ajustez vos traitements si n\u00e9cessaire.<\/li>\n<\/ul>\n<ul>\n<li>Correction et d\u00e9claration des \u00e9carts : Utilisez le formulaire \u00ab Concordance annuelle \u00bb (accessible en ligne) pour toutes les diff\u00e9rences identifi\u00e9es dans le d\u00e9lai de 240 jours soit d\u2019ici au <strong>30 ao\u00fbt<\/strong>. Un int\u00e9r\u00eat moratoire de 4% s&rsquo;applique sur tout \u00e9cart calcul\u00e9 \u00e0 partir de l\u2019\u00e9ch\u00e9ance de la p\u00e9riode fiscale concern\u00e9e.<\/li>\n<\/ul>[\/et_pb_text][et_pb_text _builder_version=\u00a0\u00bb4.27.4&Prime; _module_preset=\u00a0\u00bbdefault\u00a0\u00bb header_2_text_color=\u00a0\u00bb#002856&Prime; header_3_text_color=\u00a0\u00bb#FB0346&Prime; header_3_line_height=\u00a0\u00bb1.4em\u00a0\u00bb min_height=\u00a0\u00bb27px\u00a0\u00bb custom_margin=\u00a0\u00bb2px||2px||true|true\u00a0\u00bb custom_padding=\u00a0\u00bb12px||12px||true|true\u00a0\u00bb hover_enabled=\u00a0\u00bb0&Prime; global_colors_info=\u00a0\u00bb{}\u00a0\u00bb sticky_enabled=\u00a0\u00bb0&Prime;]<h3>Conclusion<\/h3>[\/et_pb_text][et_pb_text _builder_version=\u00a0\u00bb4.27.4&Prime; _module_preset=\u00a0\u00bbdefault\u00a0\u00bb header_2_text_color=\u00a0\u00bb#002856&Prime; header_3_text_color=\u00a0\u00bb#002856&Prime; header_3_line_height=\u00a0\u00bb1.4em\u00a0\u00bb min_height=\u00a0\u00bb87px\u00a0\u00bb custom_margin=\u00a0\u00bb2px||15px||false|true\u00a0\u00bb custom_padding=\u00a0\u00bb4px||0px||false|true\u00a0\u00bb hover_enabled=\u00a0\u00bb0&Prime; global_colors_info=\u00a0\u00bb{}\u00a0\u00bb sticky_enabled=\u00a0\u00bb0&Prime;]<p>La r\u00e9conciliation annuelle est non seulement une obligation l\u00e9gale, mais aussi une opportunit\u00e9 pour assurer que les d\u00e9clarations de votre entreprise sont correctes et contr\u00f4l\u00e9es, minimisant ainsi les cons\u00e9quences financi\u00e8res n\u00e9gatives. Ainsi, le soin apport\u00e9 aux r\u00e9conciliations transforme une obligation l\u00e9gale en un avantage pour votre entreprise.<\/p>[\/et_pb_text][et_pb_text _builder_version=\u00a0\u00bb4.27.4&Prime; _module_preset=\u00a0\u00bbdefault\u00a0\u00bb header_2_text_color=\u00a0\u00bb#002856&Prime; header_3_text_color=\u00a0\u00bb#FB0346&Prime; header_3_line_height=\u00a0\u00bb1.4em\u00a0\u00bb min_height=\u00a0\u00bb4px\u00a0\u00bb custom_margin=\u00a0\u00bb2px||2px||true|true\u00a0\u00bb custom_padding=\u00a0\u00bb9px||9px||true|true\u00a0\u00bb hover_enabled=\u00a0\u00bb0&Prime; global_colors_info=\u00a0\u00bb{}\u00a0\u00bb sticky_enabled=\u00a0\u00bb0&Prime;]<h3>Notre \u00e9quipe TVA est l\u00e0 pour vous accompagner<\/h3>[\/et_pb_text][et_pb_text _builder_version=\u00a0\u00bb4.27.4&Prime; _module_preset=\u00a0\u00bbdefault\u00a0\u00bb header_2_text_color=\u00a0\u00bb#002856&Prime; header_3_text_color=\u00a0\u00bb#002856&Prime; header_3_line_height=\u00a0\u00bb1.4em\u00a0\u00bb min_height=\u00a0\u00bb58px\u00a0\u00bb custom_margin=\u00a0\u00bb2px||15px||false|true\u00a0\u00bb custom_padding=\u00a0\u00bb0px||0px||false|true\u00a0\u00bb hover_enabled=\u00a0\u00bb0&Prime; global_colors_info=\u00a0\u00bb{}\u00a0\u00bb sticky_enabled=\u00a0\u00bb0&Prime;]<p>Nous vous offrons une assistance experte pour garantie la pr\u00e9cision de vos d\u00e9clarations.\u00a0<\/p>\n<p>Notre \u00e9quipe vous aide \u00e0 :<\/p>\n<ul>\n<li>Pr\u00e9parer des r\u00e9conciliations pr\u00e9cises et document\u00e9es<\/li>\n<li>Identifier d&rsquo;\u00e9ventuels \u00e9carts<\/li>\n<li>R\u00e9\u00e9valuer les traitements TVA appliqu\u00e9s<\/li>\n<li>Pr\u00e9parer les d\u00e9comptes rectificatifs n\u00e9cessaires\u00a0<\/li>\n<\/ul>\n<p>Nous proposons \u00e9galement des formations pour assurer que votre personnel est bien inform\u00e9 des meilleures pratiques en la mati\u00e8re. Avec notre soutien, vous pouvez aborder la r\u00e9conciliation TVA avec confiance, en minimisant les risques et en optimisant vos processus.<\/p>[\/et_pb_text][\/et_pb_column][et_pb_column type=\u00a0\u00bb2_5&Prime; _builder_version=\u00a0\u00bb4.25.0&Prime; _module_preset=\u00a0\u00bbdefault\u00a0\u00bb z_index=\u00a0\u00bb1&Prime; sticky_position=\u00a0\u00bbtop\u00a0\u00bb sticky_offset_top=\u00a0\u00bb150px\u00a0\u00bb sticky_limit_bottom=\u00a0\u00bbrow\u00a0\u00bb sticky_offset_surrounding=\u00a0\u00bboff\u00a0\u00bb sticky_position_tablet=\u00a0\u00bbnone\u00a0\u00bb sticky_position_phone=\u00a0\u00bbnone\u00a0\u00bb sticky_position_last_edited=\u00a0\u00bbon|desktop\u00a0\u00bb global_colors_info=\u00a0\u00bb{}\u00a0\u00bb][et_pb_button button_url=\u00a0\u00bb@ET-DC@eyJkeW5hbWljIjp0cnVlLCJjb250ZW50IjoicG9zdF9saW5rX3VybF9hdHRhY2htZW50Iiwic2V0dGluZ3MiOnsicG9zdF9pZCI6IjI0MjE2NiJ9fQ==@\u00a0\u00bb url_new_window=\u00a0\u00bbon\u00a0\u00bb button_text=\u00a0\u00bbT\u00e9l\u00e9charger la news en version pdf\u00a0\u00bb _builder_version=\u00a0\u00bb4.27.4&Prime; _dynamic_attributes=\u00a0\u00bbbutton_url\u00a0\u00bb _module_preset=\u00a0\u00bbdefault\u00a0\u00bb custom_button=\u00a0\u00bbon\u00a0\u00bb button_text_size=\u00a0\u00bb14px\u00a0\u00bb button_text_color=\u00a0\u00bb#FB0346&Prime; button_bg_color=\u00a0\u00bbRGBA(255,255,255,0)\u00a0\u00bb button_border_width=\u00a0\u00bb2px\u00a0\u00bb button_border_color=\u00a0\u00bb#FB0346&Prime; button_border_radius=\u00a0\u00bb30px\u00a0\u00bb button_icon=\u00a0\u00bb&#x24;||divi||400&Prime; custom_margin_tablet=\u00a0\u00bb2em||||false|false\u00a0\u00bb custom_margin_phone=\u00a0\u00bb2em||||false|false\u00a0\u00bb custom_margin_last_edited=\u00a0\u00bbon|tablet\u00a0\u00bb hover_enabled=\u00a0\u00bb0&Prime; global_colors_info=\u00a0\u00bb{%22gcid-8e43273b-69bc-45d5-a817-07da9f1ce23e%22:%91%22button_text_color__hover%22%93}\u00a0\u00bb button_bg_color__hover_enabled=\u00a0\u00bbon|desktop\u00a0\u00bb button_bg_color__hover=\u00a0\u00bb#FB0346&Prime; button_bg_enable_color__hover=\u00a0\u00bbon\u00a0\u00bb button_text_color__hover_enabled=\u00a0\u00bbon|desktop\u00a0\u00bb button_text_color__hover=\u00a0\u00bb#ffffff\u00a0\u00bb sticky_enabled=\u00a0\u00bb0&Prime;][\/et_pb_button][et_pb_text _builder_version=\u00a0\u00bb4.25.1&Prime; _module_preset=\u00a0\u00bbdefault\u00a0\u00bb header_2_text_color=\u00a0\u00bb#002856&Prime; header_2_font_size=\u00a0\u00bb33px\u00a0\u00bb header_2_line_height=\u00a0\u00bb1.2em\u00a0\u00bb custom_margin=\u00a0\u00bb||10px||false|false\u00a0\u00bb custom_padding_tablet=\u00a0\u00bb30px||||false|false\u00a0\u00bb custom_padding_phone=\u00a0\u00bb30px||||false|false\u00a0\u00bb custom_padding_last_edited=\u00a0\u00bbon|tablet\u00a0\u00bb header_2_font_size_tablet=\u00a0\u00bb33px\u00a0\u00bb header_2_font_size_phone=\u00a0\u00bb30px\u00a0\u00bb header_2_font_size_last_edited=\u00a0\u00bbon|phone\u00a0\u00bb global_colors_info=\u00a0\u00bb{}\u00a0\u00bb]<h2>Derni\u00e8res actualit\u00e9s<\/h2>[\/et_pb_text][et_pb_blog posts_number=\u00a0\u00bb3&Prime; include_categories=\u00a0\u00bb19&Prime; show_more=\u00a0\u00bbon\u00a0\u00bb show_author=\u00a0\u00bboff\u00a0\u00bb show_date=\u00a0\u00bboff\u00a0\u00bb show_categories=\u00a0\u00bboff\u00a0\u00bb show_excerpt=\u00a0\u00bboff\u00a0\u00bb show_pagination=\u00a0\u00bboff\u00a0\u00bb module_class=\u00a0\u00bbdt-blog\u00a0\u00bb _builder_version=\u00a0\u00bb4.25.1&Prime; _module_preset=\u00a0\u00bbdefault\u00a0\u00bb header_text_color=\u00a0\u00bb#002856&Prime; header_font_size=\u00a0\u00bb22px\u00a0\u00bb header_line_height=\u00a0\u00bb1.3em\u00a0\u00bb read_more_text_color=\u00a0\u00bb#002856&Prime; custom_margin_tablet=\u00a0\u00bb1rem||||false|false\u00a0\u00bb custom_margin_phone=\u00a0\u00bb1rem||||false|false\u00a0\u00bb custom_margin_last_edited=\u00a0\u00bbon|tablet\u00a0\u00bb header_font_size_tablet=\u00a0\u00bb22px\u00a0\u00bb header_font_size_phone=\u00a0\u00bb20px\u00a0\u00bb header_font_size_last_edited=\u00a0\u00bbon|phone\u00a0\u00bb global_colors_info=\u00a0\u00bb{}\u00a0\u00bb][\/et_pb_blog][\/et_pb_column][\/et_pb_row][\/et_pb_section][et_pb_section fb_built=\u00a0\u00bb1&Prime; custom_padding_last_edited=\u00a0\u00bbon|tablet\u00a0\u00bb _builder_version=\u00a0\u00bb4.25.1&Prime; _module_preset=\u00a0\u00bbdefault\u00a0\u00bb width=\u00a0\u00bb80%\u00a0\u00bb module_alignment=\u00a0\u00bbcenter\u00a0\u00bb custom_padding=\u00a0\u00bb||0px||false|false\u00a0\u00bb custom_padding_tablet=\u00a0\u00bb1em||||false|false\u00a0\u00bb custom_padding_phone=\u00a0\u00bb1em||||false|false\u00a0\u00bb animation_style=\u00a0\u00bbfade\u00a0\u00bb animation_duration=\u00a0\u00bb1100ms\u00a0\u00bb da_disable_devices=\u00a0\u00bboff|off|off\u00a0\u00bb global_colors_info=\u00a0\u00bb{}\u00a0\u00bb da_is_popup=\u00a0\u00bboff\u00a0\u00bb da_exit_intent=\u00a0\u00bboff\u00a0\u00bb da_has_close=\u00a0\u00bbon\u00a0\u00bb da_alt_close=\u00a0\u00bboff\u00a0\u00bb da_dark_close=\u00a0\u00bboff\u00a0\u00bb da_not_modal=\u00a0\u00bbon\u00a0\u00bb da_is_singular=\u00a0\u00bboff\u00a0\u00bb da_with_loader=\u00a0\u00bboff\u00a0\u00bb da_has_shadow=\u00a0\u00bbon\u00a0\u00bb][et_pb_row _builder_version=\u00a0\u00bb4.25.1&Prime; _module_preset=\u00a0\u00bbdefault\u00a0\u00bb width=\u00a0\u00bb60%\u00a0\u00bb custom_padding=\u00a0\u00bb||0px||false|false\u00a0\u00bb global_colors_info=\u00a0\u00bb{}\u00a0\u00bb][et_pb_column type=\u00a0\u00bb4_4&Prime; _builder_version=\u00a0\u00bb4.25.1&Prime; _module_preset=\u00a0\u00bbdefault\u00a0\u00bb global_colors_info=\u00a0\u00bb{}\u00a0\u00bb][et_pb_text _builder_version=\u00a0\u00bb4.27.4&Prime; _module_preset=\u00a0\u00bbdefault\u00a0\u00bb header_3_text_color=\u00a0\u00bb#002856&Prime; header_3_font_size=\u00a0\u00bb1.5em\u00a0\u00bb header_3_line_height=\u00a0\u00bb1.5em\u00a0\u00bb custom_margin=\u00a0\u00bb||2vh||false|false\u00a0\u00bb hover_enabled=\u00a0\u00bb0&Prime; header_3_font_size_tablet=\u00a0\u00bb1.2em\u00a0\u00bb header_3_font_size_phone=\u00a0\u00bb1.2em\u00a0\u00bb header_3_font_size_last_edited=\u00a0\u00bbon|phone\u00a0\u00bb global_colors_info=\u00a0\u00bb{}\u00a0\u00bb sticky_enabled=\u00a0\u00bb0&Prime;]<h3><span>Le d\u00e9partement Fiscalit\u00e9 de Berney Associ\u00e9s se tient \u00e0 votre disposition pour r\u00e9pondre \u00e0 toute question. N\u2019h\u00e9sitez pas \u00e0 nous contacter<\/span><\/h3>[\/et_pb_text][et_pb_button button_url=\u00a0\u00bb@ET-DC@eyJkeW5hbWljIjp0cnVlLCJjb250ZW50IjoicG9zdF9saW5rX3VybF9wYWdlIiwic2V0dGluZ3MiOnsicG9zdF9pZCI6IjI4OTc5In19@\u00a0\u00bb button_text=\u00a0\u00bbPrenons contact\u00a0\u00bb button_alignment=\u00a0\u00bbcenter\u00a0\u00bb _builder_version=\u00a0\u00bb4.27.4&Prime; _dynamic_attributes=\u00a0\u00bbbutton_url\u00a0\u00bb _module_preset=\u00a0\u00bbdefault\u00a0\u00bb custom_button=\u00a0\u00bbon\u00a0\u00bb button_text_size=\u00a0\u00bb18px\u00a0\u00bb button_bg_color=\u00a0\u00bb#FB0346&Prime; button_border_width=\u00a0\u00bb0px\u00a0\u00bb button_border_radius=\u00a0\u00bb50px\u00a0\u00bb button_icon=\u00a0\u00bb&#x24;||divi||400&Prime; custom_margin=\u00a0\u00bb||||false|false\u00a0\u00bb hover_enabled=\u00a0\u00bb0&Prime; global_colors_info=\u00a0\u00bb{}\u00a0\u00bb button_bg_color__hover_enabled=\u00a0\u00bbon|hover\u00a0\u00bb button_bg_color__hover=\u00a0\u00bb#002856&Prime; button_bg_enable_color__hover=\u00a0\u00bbon\u00a0\u00bb sticky_enabled=\u00a0\u00bb0&Prime;][\/et_pb_button][\/et_pb_column][\/et_pb_row][\/et_pb_section]\n","protected":false},"excerpt":{"rendered":"<p>Die j\u00e4hrliche Abstimmung der Mehrwertsteuer ist f\u00fcr alle steuerpflichtigen Unternehmen in der Schweiz obligatorisch. Erfahren Sie, warum sie unerl\u00e4sslich ist, welche Frist einzuhalten ist und wie unsere Experten Sie unterst\u00fctzen k\u00f6nnen, um Fehler und Strafen zu vermeiden.<\/p>","protected":false},"author":8,"featured_media":243603,"comment_status":"closed","ping_status":"closed","sticky":false,"template":"","format":"standard","meta":{"_acf_changed":false,"_et_pb_use_builder":"on","_et_pb_old_content":"","_et_gb_content_width":"1390","inline_featured_image":false,"footnotes":"","_links_to":"","_links_to_target":""},"categories":[19],"tags":[155,224,176],"actualite-theme":[71],"class_list":["post-242162","post","type-post","status-publish","format-standard","has-post-thumbnail","hentry","category-actualites","tag-fiscalite","tag-reconciliation","tag-tva","actualite-theme-fiscalite"],"acf":[],"yoast_head":"<!-- This site is optimized with the Yoast SEO plugin v27.4 - https:\/\/yoast.com\/product\/yoast-seo-wordpress\/ -->\n<title>R\u00e9conciliation annuelle de la TVA - Berney Associ\u00e9s SA<\/title>\n<meta name=\"description\" content=\"La r\u00e9conciliation annuelle de la TVA est une obligation l\u00e9gale pour toutes les entreprises en Suisse. Avant le 30 ao\u00fbt, assurez la conformit\u00e9 de vos d\u00e9clarations, corrigez les \u00e9carts et \u00e9vitez amendes et int\u00e9r\u00eats gr\u00e2ce \u00e0 nos experts TVA.\" \/>\n<meta name=\"robots\" content=\"index, follow, max-snippet:-1, max-image-preview:large, max-video-preview:-1\" \/>\n<link rel=\"canonical\" href=\"https:\/\/berneyassocies.com\/de\/jahrliche-abstimmungen-der-mehrwertsteuer\/\" \/>\n<meta property=\"og:locale\" content=\"de_DE\" \/>\n<meta property=\"og:type\" content=\"article\" \/>\n<meta property=\"og:title\" content=\"R\u00e9conciliation annuelle de la TVA - Berney Associ\u00e9s SA\" \/>\n<meta property=\"og:description\" content=\"La r\u00e9conciliation annuelle de la TVA est une obligation l\u00e9gale pour toutes les entreprises en Suisse. Avant le 30 ao\u00fbt, assurez la conformit\u00e9 de vos d\u00e9clarations, corrigez les \u00e9carts et \u00e9vitez amendes et int\u00e9r\u00eats gr\u00e2ce \u00e0 nos experts TVA.\" \/>\n<meta property=\"og:url\" content=\"https:\/\/berneyassocies.com\/de\/wp-json\/wp\/v2\/posts\/242162\" \/>\n<meta property=\"og:site_name\" content=\"Berney Associ\u00e9s SA\" \/>\n<meta property=\"article:published_time\" content=\"2025-08-05T14:07:04+00:00\" \/>\n<meta property=\"article:modified_time\" content=\"2026-01-20T09:44:23+00:00\" \/>\n<meta property=\"og:image\" content=\"https:\/\/berneyassocies.com\/wp-content\/uploads\/2025\/08\/Article_reconciliation_TVA-1.png\" \/>\n\t<meta property=\"og:image:width\" content=\"370\" \/>\n\t<meta property=\"og:image:height\" content=\"208\" \/>\n\t<meta property=\"og:image:type\" content=\"image\/png\" \/>\n<meta name=\"author\" content=\"Nadia Werro\" \/>\n<meta name=\"twitter:card\" content=\"summary_large_image\" \/>\n<meta name=\"twitter:label1\" content=\"Verfasst von\" \/>\n\t<meta name=\"twitter:data1\" content=\"Nadia Werro\" \/>\n\t<meta name=\"twitter:label2\" content=\"Gesch\u00e4tzte Lesezeit\" \/>\n\t<meta name=\"twitter:data2\" content=\"5\u00a0Minuten\" \/>\n<script type=\"application\/ld+json\" class=\"yoast-schema-graph\">{\"@context\":\"https:\\\/\\\/schema.org\",\"@graph\":[{\"@type\":\"NewsArticle\",\"@id\":\"https:\\\/\\\/berneyassocies.com\\\/reconciliation-annuelle-de-la-tva\\\/#article\",\"isPartOf\":{\"@id\":\"https:\\\/\\\/berneyassocies.com\\\/reconciliation-annuelle-de-la-tva\\\/\"},\"author\":{\"name\":\"Nadia Werro\",\"@id\":\"https:\\\/\\\/berneyassocies.com\\\/#\\\/schema\\\/person\\\/30aad9fb9bbd0f8783ad47a0b99e2e7a\"},\"headline\":\"R\u00e9conciliation annuelle de la TVA\",\"datePublished\":\"2025-08-05T14:07:04+00:00\",\"dateModified\":\"2026-01-20T09:44:23+00:00\",\"mainEntityOfPage\":{\"@id\":\"https:\\\/\\\/berneyassocies.com\\\/reconciliation-annuelle-de-la-tva\\\/\"},\"wordCount\":2397,\"publisher\":{\"@id\":\"https:\\\/\\\/berneyassocies.com\\\/#organization\"},\"image\":{\"@id\":\"https:\\\/\\\/berneyassocies.com\\\/reconciliation-annuelle-de-la-tva\\\/#primaryimage\"},\"thumbnailUrl\":\"https:\\\/\\\/berneyassocies.com\\\/wp-content\\\/uploads\\\/2025\\\/08\\\/Article_reconciliation_TVA-1.png\",\"keywords\":[\"fiscalit\u00e9\",\"r\u00e9conciliation\",\"tva\"],\"articleSection\":[\"Actualit\u00e9s\"],\"inLanguage\":\"de\"},{\"@type\":\"WebPage\",\"@id\":\"https:\\\/\\\/berneyassocies.com\\\/reconciliation-annuelle-de-la-tva\\\/\",\"url\":\"https:\\\/\\\/berneyassocies.com\\\/reconciliation-annuelle-de-la-tva\\\/\",\"name\":\"R\u00e9conciliation annuelle de la TVA - Berney Associ\u00e9s SA\",\"isPartOf\":{\"@id\":\"https:\\\/\\\/berneyassocies.com\\\/#website\"},\"primaryImageOfPage\":{\"@id\":\"https:\\\/\\\/berneyassocies.com\\\/reconciliation-annuelle-de-la-tva\\\/#primaryimage\"},\"image\":{\"@id\":\"https:\\\/\\\/berneyassocies.com\\\/reconciliation-annuelle-de-la-tva\\\/#primaryimage\"},\"thumbnailUrl\":\"https:\\\/\\\/berneyassocies.com\\\/wp-content\\\/uploads\\\/2025\\\/08\\\/Article_reconciliation_TVA-1.png\",\"datePublished\":\"2025-08-05T14:07:04+00:00\",\"dateModified\":\"2026-01-20T09:44:23+00:00\",\"description\":\"La r\u00e9conciliation annuelle de la TVA est une obligation l\u00e9gale pour toutes les entreprises en Suisse. Avant le 30 ao\u00fbt, assurez la conformit\u00e9 de vos d\u00e9clarations, corrigez les \u00e9carts et \u00e9vitez amendes et int\u00e9r\u00eats gr\u00e2ce \u00e0 nos experts TVA.\",\"breadcrumb\":{\"@id\":\"https:\\\/\\\/berneyassocies.com\\\/reconciliation-annuelle-de-la-tva\\\/#breadcrumb\"},\"inLanguage\":\"de\",\"potentialAction\":[{\"@type\":\"ReadAction\",\"target\":[\"https:\\\/\\\/berneyassocies.com\\\/reconciliation-annuelle-de-la-tva\\\/\"]}]},{\"@type\":\"ImageObject\",\"inLanguage\":\"de\",\"@id\":\"https:\\\/\\\/berneyassocies.com\\\/reconciliation-annuelle-de-la-tva\\\/#primaryimage\",\"url\":\"https:\\\/\\\/berneyassocies.com\\\/wp-content\\\/uploads\\\/2025\\\/08\\\/Article_reconciliation_TVA-1.png\",\"contentUrl\":\"https:\\\/\\\/berneyassocies.com\\\/wp-content\\\/uploads\\\/2025\\\/08\\\/Article_reconciliation_TVA-1.png\",\"width\":370,\"height\":208,\"caption\":\"Calculatrice sur un bureau\"},{\"@type\":\"BreadcrumbList\",\"@id\":\"https:\\\/\\\/berneyassocies.com\\\/reconciliation-annuelle-de-la-tva\\\/#breadcrumb\",\"itemListElement\":[{\"@type\":\"ListItem\",\"position\":1,\"name\":\"Actualit\u00e9s\",\"item\":\"https:\\\/\\\/berneyassocies.com\\\/category\\\/actualites\\\/\"},{\"@type\":\"ListItem\",\"position\":2,\"name\":\"R\u00e9conciliation annuelle de la TVA\"}]},{\"@type\":\"WebSite\",\"@id\":\"https:\\\/\\\/berneyassocies.com\\\/#website\",\"url\":\"https:\\\/\\\/berneyassocies.com\\\/\",\"name\":\"Berney Associ\u00e9s SA\",\"description\":\"Votre fiduciaire en Suisse romande\",\"publisher\":{\"@id\":\"https:\\\/\\\/berneyassocies.com\\\/#organization\"},\"alternateName\":\"Votre fiduciaire en Suisse romande\",\"potentialAction\":[{\"@type\":\"SearchAction\",\"target\":{\"@type\":\"EntryPoint\",\"urlTemplate\":\"https:\\\/\\\/berneyassocies.com\\\/?s={search_term_string}\"},\"query-input\":{\"@type\":\"PropertyValueSpecification\",\"valueRequired\":true,\"valueName\":\"search_term_string\"}}],\"inLanguage\":\"de\"},{\"@type\":\"Organization\",\"@id\":\"https:\\\/\\\/berneyassocies.com\\\/#organization\",\"name\":\"Berney Associ\u00e9s SA\",\"alternateName\":\"Votre fiduciaire en Suisse romande\",\"url\":\"https:\\\/\\\/berneyassocies.com\\\/\",\"logo\":{\"@type\":\"ImageObject\",\"inLanguage\":\"de\",\"@id\":\"https:\\\/\\\/berneyassocies.com\\\/#\\\/schema\\\/logo\\\/image\\\/\",\"url\":\"https:\\\/\\\/berneyassocies.com\\\/wp-content\\\/uploads\\\/2025\\\/05\\\/Berney-Associes-Votre-Fiduciaire-en-Suisse-Romande.png\",\"contentUrl\":\"https:\\\/\\\/berneyassocies.com\\\/wp-content\\\/uploads\\\/2025\\\/05\\\/Berney-Associes-Votre-Fiduciaire-en-Suisse-Romande.png\",\"width\":1200,\"height\":628,\"caption\":\"Berney Associ\u00e9s SA\"},\"image\":{\"@id\":\"https:\\\/\\\/berneyassocies.com\\\/#\\\/schema\\\/logo\\\/image\\\/\"},\"sameAs\":[\"https:\\\/\\\/www.linkedin.com\\\/company\\\/berney-associ-s\\\/?originalSubdomain=fr\",\"https:\\\/\\\/www.instagram.com\\\/berneyassocies\\\/\",\"https:\\\/\\\/www.youtube.com\\\/channel\\\/UCRPy3E8GsTbCeg0qWpCmkpw\"]},{\"@type\":\"Person\",\"@id\":\"https:\\\/\\\/berneyassocies.com\\\/#\\\/schema\\\/person\\\/30aad9fb9bbd0f8783ad47a0b99e2e7a\",\"name\":\"Nadia Werro\",\"image\":{\"@type\":\"ImageObject\",\"inLanguage\":\"de\",\"@id\":\"https:\\\/\\\/secure.gravatar.com\\\/avatar\\\/d7e7a8b8cc1c1079bab2341ceadf20f9809b74b6b80dec9240c019e80fc6154f?s=96&d=mm&r=g\",\"url\":\"https:\\\/\\\/secure.gravatar.com\\\/avatar\\\/d7e7a8b8cc1c1079bab2341ceadf20f9809b74b6b80dec9240c019e80fc6154f?s=96&d=mm&r=g\",\"contentUrl\":\"https:\\\/\\\/secure.gravatar.com\\\/avatar\\\/d7e7a8b8cc1c1079bab2341ceadf20f9809b74b6b80dec9240c019e80fc6154f?s=96&d=mm&r=g\",\"caption\":\"Nadia Werro\"}}]}<\/script>\n<!-- \/ Yoast SEO plugin. -->","yoast_head_json":{"title":"J\u00e4hrliche Abstimmung der Mehrwertsteuer - Berney Associ\u00e9s SA","description":"Die j\u00e4hrliche Abstimmung der Mehrwertsteuer ist eine gesetzliche Pflicht f\u00fcr alle Unternehmen in der Schweiz. Stellen Sie vor dem 30. August sicher, dass Ihre Erkl\u00e4rungen den Vorschriften entsprechen, korrigieren Sie Abweichungen und vermeiden Sie mithilfe unserer USt-Experten Geldstrafen und Zinsen.","robots":{"index":"index","follow":"follow","max-snippet":"max-snippet:-1","max-image-preview":"max-image-preview:large","max-video-preview":"max-video-preview:-1"},"canonical":"https:\/\/berneyassocies.com\/de\/jahrliche-abstimmungen-der-mehrwertsteuer\/","og_locale":"de_DE","og_type":"article","og_title":"R\u00e9conciliation annuelle de la TVA - Berney Associ\u00e9s SA","og_description":"La r\u00e9conciliation annuelle de la TVA est une obligation l\u00e9gale pour toutes les entreprises en Suisse. Avant le 30 ao\u00fbt, assurez la conformit\u00e9 de vos d\u00e9clarations, corrigez les \u00e9carts et \u00e9vitez amendes et int\u00e9r\u00eats gr\u00e2ce \u00e0 nos experts TVA.","og_url":"https:\/\/berneyassocies.com\/de\/wp-json\/wp\/v2\/posts\/242162","og_site_name":"Berney Associ\u00e9s SA","article_published_time":"2025-08-05T14:07:04+00:00","article_modified_time":"2026-01-20T09:44:23+00:00","og_image":[{"width":370,"height":208,"url":"https:\/\/berneyassocies.com\/wp-content\/uploads\/2025\/08\/Article_reconciliation_TVA-1.png","type":"image\/png"}],"author":"Nadia Werro","twitter_card":"summary_large_image","twitter_misc":{"Verfasst von":"Nadia Werro","Gesch\u00e4tzte Lesezeit":"5\u00a0Minuten"},"schema":{"@context":"https:\/\/schema.org","@graph":[{"@type":"NewsArticle","@id":"https:\/\/berneyassocies.com\/reconciliation-annuelle-de-la-tva\/#article","isPartOf":{"@id":"https:\/\/berneyassocies.com\/reconciliation-annuelle-de-la-tva\/"},"author":{"name":"Nadia Werro","@id":"https:\/\/berneyassocies.com\/#\/schema\/person\/30aad9fb9bbd0f8783ad47a0b99e2e7a"},"headline":"R\u00e9conciliation annuelle de la TVA","datePublished":"2025-08-05T14:07:04+00:00","dateModified":"2026-01-20T09:44:23+00:00","mainEntityOfPage":{"@id":"https:\/\/berneyassocies.com\/reconciliation-annuelle-de-la-tva\/"},"wordCount":2397,"publisher":{"@id":"https:\/\/berneyassocies.com\/#organization"},"image":{"@id":"https:\/\/berneyassocies.com\/reconciliation-annuelle-de-la-tva\/#primaryimage"},"thumbnailUrl":"https:\/\/berneyassocies.com\/wp-content\/uploads\/2025\/08\/Article_reconciliation_TVA-1.png","keywords":["fiscalit\u00e9","r\u00e9conciliation","tva"],"articleSection":["Actualit\u00e9s"],"inLanguage":"de"},{"@type":"WebPage","@id":"https:\/\/berneyassocies.com\/reconciliation-annuelle-de-la-tva\/","url":"https:\/\/berneyassocies.com\/reconciliation-annuelle-de-la-tva\/","name":"J\u00e4hrliche Abstimmung der Mehrwertsteuer - Berney Associ\u00e9s SA","isPartOf":{"@id":"https:\/\/berneyassocies.com\/#website"},"primaryImageOfPage":{"@id":"https:\/\/berneyassocies.com\/reconciliation-annuelle-de-la-tva\/#primaryimage"},"image":{"@id":"https:\/\/berneyassocies.com\/reconciliation-annuelle-de-la-tva\/#primaryimage"},"thumbnailUrl":"https:\/\/berneyassocies.com\/wp-content\/uploads\/2025\/08\/Article_reconciliation_TVA-1.png","datePublished":"2025-08-05T14:07:04+00:00","dateModified":"2026-01-20T09:44:23+00:00","description":"Die j\u00e4hrliche Abstimmung der Mehrwertsteuer ist eine gesetzliche Pflicht f\u00fcr alle Unternehmen in der Schweiz. Stellen Sie vor dem 30. August sicher, dass Ihre Erkl\u00e4rungen den Vorschriften entsprechen, korrigieren Sie Abweichungen und vermeiden Sie mithilfe unserer USt-Experten Geldstrafen und Zinsen.","breadcrumb":{"@id":"https:\/\/berneyassocies.com\/reconciliation-annuelle-de-la-tva\/#breadcrumb"},"inLanguage":"de","potentialAction":[{"@type":"ReadAction","target":["https:\/\/berneyassocies.com\/reconciliation-annuelle-de-la-tva\/"]}]},{"@type":"ImageObject","inLanguage":"de","@id":"https:\/\/berneyassocies.com\/reconciliation-annuelle-de-la-tva\/#primaryimage","url":"https:\/\/berneyassocies.com\/wp-content\/uploads\/2025\/08\/Article_reconciliation_TVA-1.png","contentUrl":"https:\/\/berneyassocies.com\/wp-content\/uploads\/2025\/08\/Article_reconciliation_TVA-1.png","width":370,"height":208,"caption":"Calculatrice sur un bureau"},{"@type":"BreadcrumbList","@id":"https:\/\/berneyassocies.com\/reconciliation-annuelle-de-la-tva\/#breadcrumb","itemListElement":[{"@type":"ListItem","position":1,"name":"Actualit\u00e9s","item":"https:\/\/berneyassocies.com\/category\/actualites\/"},{"@type":"ListItem","position":2,"name":"R\u00e9conciliation annuelle de la TVA"}]},{"@type":"WebSite","@id":"https:\/\/berneyassocies.com\/#website","url":"https:\/\/berneyassocies.com\/","name":"Berney Associ\u00e9s SA","description":"Ihr Treuh\u00e4nder in der Westschweiz","publisher":{"@id":"https:\/\/berneyassocies.com\/#organization"},"alternateName":"Votre fiduciaire en Suisse romande","potentialAction":[{"@type":"SearchAction","target":{"@type":"EntryPoint","urlTemplate":"https:\/\/berneyassocies.com\/?s={search_term_string}"},"query-input":{"@type":"PropertyValueSpecification","valueRequired":true,"valueName":"search_term_string"}}],"inLanguage":"de"},{"@type":"Organization","@id":"https:\/\/berneyassocies.com\/#organization","name":"Berney Associ\u00e9s SA","alternateName":"Votre fiduciaire en Suisse romande","url":"https:\/\/berneyassocies.com\/","logo":{"@type":"ImageObject","inLanguage":"de","@id":"https:\/\/berneyassocies.com\/#\/schema\/logo\/image\/","url":"https:\/\/berneyassocies.com\/wp-content\/uploads\/2025\/05\/Berney-Associes-Votre-Fiduciaire-en-Suisse-Romande.png","contentUrl":"https:\/\/berneyassocies.com\/wp-content\/uploads\/2025\/05\/Berney-Associes-Votre-Fiduciaire-en-Suisse-Romande.png","width":1200,"height":628,"caption":"Berney Associ\u00e9s SA"},"image":{"@id":"https:\/\/berneyassocies.com\/#\/schema\/logo\/image\/"},"sameAs":["https:\/\/www.linkedin.com\/company\/berney-associ-s\/?originalSubdomain=fr","https:\/\/www.instagram.com\/berneyassocies\/","https:\/\/www.youtube.com\/channel\/UCRPy3E8GsTbCeg0qWpCmkpw"]},{"@type":"Person","@id":"https:\/\/berneyassocies.com\/#\/schema\/person\/30aad9fb9bbd0f8783ad47a0b99e2e7a","name":"Nadia Werro","image":{"@type":"ImageObject","inLanguage":"de","@id":"https:\/\/secure.gravatar.com\/avatar\/d7e7a8b8cc1c1079bab2341ceadf20f9809b74b6b80dec9240c019e80fc6154f?s=96&d=mm&r=g","url":"https:\/\/secure.gravatar.com\/avatar\/d7e7a8b8cc1c1079bab2341ceadf20f9809b74b6b80dec9240c019e80fc6154f?s=96&d=mm&r=g","contentUrl":"https:\/\/secure.gravatar.com\/avatar\/d7e7a8b8cc1c1079bab2341ceadf20f9809b74b6b80dec9240c019e80fc6154f?s=96&d=mm&r=g","caption":"Nadia Werro"}}]}},"_links":{"self":[{"href":"https:\/\/berneyassocies.com\/de\/wp-json\/wp\/v2\/posts\/242162","targetHints":{"allow":["GET"]}}],"collection":[{"href":"https:\/\/berneyassocies.com\/de\/wp-json\/wp\/v2\/posts"}],"about":[{"href":"https:\/\/berneyassocies.com\/de\/wp-json\/wp\/v2\/types\/post"}],"author":[{"embeddable":true,"href":"https:\/\/berneyassocies.com\/de\/wp-json\/wp\/v2\/users\/8"}],"replies":[{"embeddable":true,"href":"https:\/\/berneyassocies.com\/de\/wp-json\/wp\/v2\/comments?post=242162"}],"version-history":[{"count":4,"href":"https:\/\/berneyassocies.com\/de\/wp-json\/wp\/v2\/posts\/242162\/revisions"}],"predecessor-version":[{"id":242172,"href":"https:\/\/berneyassocies.com\/de\/wp-json\/wp\/v2\/posts\/242162\/revisions\/242172"}],"wp:featuredmedia":[{"embeddable":true,"href":"https:\/\/berneyassocies.com\/de\/wp-json\/wp\/v2\/media\/243603"}],"wp:attachment":[{"href":"https:\/\/berneyassocies.com\/de\/wp-json\/wp\/v2\/media?parent=242162"}],"wp:term":[{"taxonomy":"category","embeddable":true,"href":"https:\/\/berneyassocies.com\/de\/wp-json\/wp\/v2\/categories?post=242162"},{"taxonomy":"post_tag","embeddable":true,"href":"https:\/\/berneyassocies.com\/de\/wp-json\/wp\/v2\/tags?post=242162"},{"taxonomy":"actualite-theme","embeddable":true,"href":"https:\/\/berneyassocies.com\/de\/wp-json\/wp\/v2\/actualite-theme?post=242162"}],"curies":[{"name":"wp","href":"https:\/\/api.w.org\/{rel}","templated":true}]}}