{"id":245148,"date":"2026-08-31T17:21:03","date_gmt":"2026-08-31T15:21:03","guid":{"rendered":"https:\/\/berneyassocies.com\/?p=245148"},"modified":"2026-08-31T17:21:03","modified_gmt":"2026-08-31T15:21:03","slug":"abstimmung-vom-27-september-initiative-12-was-man-wissen-muss","status":"publish","type":"post","link":"https:\/\/berneyassocies.com\/de\/votation-du-27-septembre-initiative-12-ce-quil-faut-savoir\/","title":{"rendered":"Votation du 27 septembre : initiative 12%, ce qu&rsquo;il faut savoir"},"content":{"rendered":"","protected":true},"excerpt":{"rendered":"","protected":true},"author":10,"featured_media":245163,"comment_status":"closed","ping_status":"closed","sticky":false,"template":"","format":"standard","meta":{"_acf_changed":false,"_et_pb_use_builder":"on","_et_pb_old_content":"","_et_gb_content_width":"1390","inline_featured_image":false,"footnotes":"","_links_to":"","_links_to_target":""},"categories":[19],"tags":[155,224,176],"actualite-theme":[71],"class_list":["post-245148","post","type-post","status-publish","format-standard","post-password-required","hentry","category-actualites","tag-fiscalite","tag-reconciliation","tag-tva","actualite-theme-fiscalite"],"acf":[],"yoast_head":"<!-- This site is optimized with the Yoast SEO plugin v28.2 - https:\/\/yoast.com\/product\/yoast-seo-wordpress\/ -->\n<title>Votation du 27 septembre : initiative 12%, ce qu&#039;il faut savoir - Berney Associ\u00e9s SA<\/title>\n<meta name=\"description\" content=\"Le canton de Vaud parmi les plus tax\u00e9s de Suisse : tout comprendre sur l&#039;initiative \u00ab 12% \u00bb et cette baisse de l&#039;imp\u00f4t cantonal avant le vote du 27 septembre.\" \/>\n<meta name=\"robots\" content=\"index, follow, max-snippet:-1, max-image-preview:large, max-video-preview:-1\" \/>\n<link rel=\"canonical\" href=\"https:\/\/berneyassocies.com\/de\/abstimmung-vom-27-september-initiative-12-was-man-wissen-muss\/\" \/>\n<meta property=\"og:locale\" content=\"de_DE\" \/>\n<meta property=\"og:type\" content=\"article\" \/>\n<meta property=\"og:title\" content=\"Votation du 27 septembre : initiative 12%, ce qu&#039;il faut savoir - Berney Associ\u00e9s SA\" \/>\n<meta property=\"og:description\" content=\"Le canton de Vaud parmi les plus tax\u00e9s de Suisse : tout comprendre sur l&#039;initiative \u00ab 12% \u00bb et cette baisse de l&#039;imp\u00f4t cantonal avant le vote du 27 septembre.\" \/>\n<meta property=\"og:url\" content=\"https:\/\/berneyassocies.com\/de\/wp-json\/wp\/v2\/posts\/245148\" \/>\n<meta property=\"og:site_name\" content=\"Berney Associ\u00e9s SA\" \/>\n<meta property=\"article:published_time\" content=\"2026-08-31T15:21:03+00:00\" \/>\n<meta name=\"author\" content=\"Aida Foric\" \/>\n<meta name=\"twitter:card\" content=\"summary_large_image\" \/>\n<meta name=\"twitter:label1\" content=\"Verfasst von\" \/>\n\t<meta name=\"twitter:data1\" content=\"Aida Foric\" \/>\n\t<meta name=\"twitter:label2\" content=\"Gesch\u00e4tzte Lesezeit\" \/>\n\t<meta name=\"twitter:data2\" content=\"7\u00a0Minuten\" \/>\n<script type=\"application\/ld+json\" class=\"yoast-schema-graph\">{\"@context\":\"https:\\\/\\\/schema.org\",\"@graph\":[{\"@type\":\"WebPage\",\"@id\":\"https:\\\/\\\/berneyassocies.com\\\/votation-du-27-septembre-initiative-12-ce-quil-faut-savoir\\\/\",\"url\":\"https:\\\/\\\/berneyassocies.com\\\/votation-du-27-septembre-initiative-12-ce-quil-faut-savoir\\\/\",\"name\":\"Votation du 27 septembre : initiative 12%, ce qu'il faut savoir - Berney Associ\u00e9s SA\",\"isPartOf\":{\"@id\":\"https:\\\/\\\/berneyassocies.com\\\/#website\"},\"datePublished\":\"2026-08-31T15:21:03+00:00\",\"breadcrumb\":{\"@id\":\"https:\\\/\\\/berneyassocies.com\\\/votation-du-27-septembre-initiative-12-ce-quil-faut-savoir\\\/#breadcrumb\"},\"inLanguage\":\"de\"},{\"@type\":\"WebSite\",\"@id\":\"https:\\\/\\\/berneyassocies.com\\\/#website\",\"url\":\"https:\\\/\\\/berneyassocies.com\\\/\",\"name\":\"Berney Associ\u00e9s SA\",\"description\":\"Votre fiduciaire en Suisse romande\",\"publisher\":{\"@id\":\"https:\\\/\\\/berneyassocies.com\\\/#organization\"},\"alternateName\":\"Votre fiduciaire en Suisse romande\",\"potentialAction\":[{\"@type\":\"SearchAction\",\"target\":{\"@type\":\"EntryPoint\",\"urlTemplate\":\"https:\\\/\\\/berneyassocies.com\\\/?s={search_term_string}\"},\"query-input\":{\"@type\":\"PropertyValueSpecification\",\"valueRequired\":true,\"valueName\":\"search_term_string\"}}],\"inLanguage\":\"de\"},{\"@type\":\"Organization\",\"@id\":\"https:\\\/\\\/berneyassocies.com\\\/#organization\",\"name\":\"Berney Associ\u00e9s SA\",\"alternateName\":\"Votre fiduciaire en Suisse romande\",\"url\":\"https:\\\/\\\/berneyassocies.com\\\/\",\"logo\":{\"@type\":\"ImageObject\",\"inLanguage\":\"de\",\"@id\":\"https:\\\/\\\/berneyassocies.com\\\/#\\\/schema\\\/logo\\\/image\\\/\",\"url\":\"https:\\\/\\\/berneyassocies.com\\\/wp-content\\\/uploads\\\/2025\\\/05\\\/Berney-Associes-Votre-Fiduciaire-en-Suisse-Romande.png\",\"contentUrl\":\"https:\\\/\\\/berneyassocies.com\\\/wp-content\\\/uploads\\\/2025\\\/05\\\/Berney-Associes-Votre-Fiduciaire-en-Suisse-Romande.png\",\"width\":1200,\"height\":628,\"caption\":\"Berney Associ\u00e9s SA\"},\"image\":{\"@id\":\"https:\\\/\\\/berneyassocies.com\\\/#\\\/schema\\\/logo\\\/image\\\/\"},\"sameAs\":[\"https:\\\/\\\/www.linkedin.com\\\/company\\\/berney-associ-s\\\/?originalSubdomain=fr\",\"https:\\\/\\\/www.instagram.com\\\/berneyassocies\\\/\",\"https:\\\/\\\/www.youtube.com\\\/channel\\\/UCRPy3E8GsTbCeg0qWpCmkpw\"]}]}<\/script>\n<!-- \/ Yoast SEO plugin. -->","yoast_head_json":{"title":"Abstimmung am 27. September: Initiative 12% \u2013 Was Sie wissen m\u00fcssen \u2013 Berney Associ\u00e9s SA","description":"Der Kanton Waadt geh\u00f6rt zu den steuerlich am st\u00e4rksten belasteten Kantonen der Schweiz: Alles, was Sie \u00fcber die Initiative \u00ab12%\u00bb und diese Senkung der Kantonssteuer vor der Abstimmung am 27. September wissen m\u00fcssen.","robots":{"index":"index","follow":"follow","max-snippet":"max-snippet:-1","max-image-preview":"max-image-preview:large","max-video-preview":"max-video-preview:-1"},"canonical":"https:\/\/berneyassocies.com\/de\/abstimmung-vom-27-september-initiative-12-was-man-wissen-muss\/","og_locale":"de_DE","og_type":"article","og_title":"Votation du 27 septembre : initiative 12%, ce qu'il faut savoir - Berney Associ\u00e9s SA","og_description":"Le canton de Vaud parmi les plus tax\u00e9s de Suisse : tout comprendre sur l'initiative \u00ab 12% \u00bb et cette baisse de l'imp\u00f4t cantonal avant le vote du 27 septembre.","og_url":"https:\/\/berneyassocies.com\/de\/wp-json\/wp\/v2\/posts\/245148","og_site_name":"Berney Associ\u00e9s SA","article_published_time":"2026-08-31T15:21:03+00:00","author":"Aida Foric","twitter_card":"summary_large_image","twitter_misc":{"Verfasst von":"Aida Foric","Gesch\u00e4tzte Lesezeit":"7\u00a0Minuten"},"schema":{"@context":"https:\/\/schema.org","@graph":[{"@type":"WebPage","@id":"https:\/\/berneyassocies.com\/votation-du-27-septembre-initiative-12-ce-quil-faut-savoir\/","url":"https:\/\/berneyassocies.com\/votation-du-27-septembre-initiative-12-ce-quil-faut-savoir\/","name":"Abstimmung am 27. September: Initiative 12% \u2013 Was Sie wissen m\u00fcssen \u2013 Berney Associ\u00e9s SA","isPartOf":{"@id":"https:\/\/berneyassocies.com\/#website"},"datePublished":"2026-08-31T15:21:03+00:00","breadcrumb":{"@id":"https:\/\/berneyassocies.com\/votation-du-27-septembre-initiative-12-ce-quil-faut-savoir\/#breadcrumb"},"inLanguage":"de"},{"@type":"WebSite","@id":"https:\/\/berneyassocies.com\/#website","url":"https:\/\/berneyassocies.com\/","name":"Berney Associ\u00e9s SA","description":"Ihr Treuh\u00e4nder in der Westschweiz","publisher":{"@id":"https:\/\/berneyassocies.com\/#organization"},"alternateName":"Votre fiduciaire en Suisse romande","potentialAction":[{"@type":"SearchAction","target":{"@type":"EntryPoint","urlTemplate":"https:\/\/berneyassocies.com\/?s={search_term_string}"},"query-input":{"@type":"PropertyValueSpecification","valueRequired":true,"valueName":"search_term_string"}}],"inLanguage":"de"},{"@type":"Organization","@id":"https:\/\/berneyassocies.com\/#organization","name":"Berney Associ\u00e9s SA","alternateName":"Votre fiduciaire en Suisse romande","url":"https:\/\/berneyassocies.com\/","logo":{"@type":"ImageObject","inLanguage":"de","@id":"https:\/\/berneyassocies.com\/#\/schema\/logo\/image\/","url":"https:\/\/berneyassocies.com\/wp-content\/uploads\/2025\/05\/Berney-Associes-Votre-Fiduciaire-en-Suisse-Romande.png","contentUrl":"https:\/\/berneyassocies.com\/wp-content\/uploads\/2025\/05\/Berney-Associes-Votre-Fiduciaire-en-Suisse-Romande.png","width":1200,"height":628,"caption":"Berney Associ\u00e9s SA"},"image":{"@id":"https:\/\/berneyassocies.com\/#\/schema\/logo\/image\/"},"sameAs":["https:\/\/www.linkedin.com\/company\/berney-associ-s\/?originalSubdomain=fr","https:\/\/www.instagram.com\/berneyassocies\/","https:\/\/www.youtube.com\/channel\/UCRPy3E8GsTbCeg0qWpCmkpw"]}]}},"_links":{"self":[{"href":"https:\/\/berneyassocies.com\/de\/wp-json\/wp\/v2\/posts\/245148","targetHints":{"allow":["GET"]}}],"collection":[{"href":"https:\/\/berneyassocies.com\/de\/wp-json\/wp\/v2\/posts"}],"about":[{"href":"https:\/\/berneyassocies.com\/de\/wp-json\/wp\/v2\/types\/post"}],"author":[{"embeddable":true,"href":"https:\/\/berneyassocies.com\/de\/wp-json\/wp\/v2\/users\/10"}],"replies":[{"embeddable":true,"href":"https:\/\/berneyassocies.com\/de\/wp-json\/wp\/v2\/comments?post=245148"}],"version-history":[{"count":7,"href":"https:\/\/berneyassocies.com\/de\/wp-json\/wp\/v2\/posts\/245148\/revisions"}],"predecessor-version":[{"id":245198,"href":"https:\/\/berneyassocies.com\/de\/wp-json\/wp\/v2\/posts\/245148\/revisions\/245198"}],"wp:featuredmedia":[{"embeddable":true,"href":"https:\/\/berneyassocies.com\/de\/wp-json\/wp\/v2\/media\/245163"}],"wp:attachment":[{"href":"https:\/\/berneyassocies.com\/de\/wp-json\/wp\/v2\/media?parent=245148"}],"wp:term":[{"taxonomy":"category","embeddable":true,"href":"https:\/\/berneyassocies.com\/de\/wp-json\/wp\/v2\/categories?post=245148"},{"taxonomy":"post_tag","embeddable":true,"href":"https:\/\/berneyassocies.com\/de\/wp-json\/wp\/v2\/tags?post=245148"},{"taxonomy":"actualite-theme","embeddable":true,"href":"https:\/\/berneyassocies.com\/de\/wp-json\/wp\/v2\/actualite-theme?post=245148"}],"curies":[{"name":"wp","href":"https:\/\/api.w.org\/{rel}","templated":true}]}}