{"id":243733,"date":"2026-02-02T16:11:42","date_gmt":"2026-02-02T15:11:42","guid":{"rendered":"https:\/\/berneyassocies.com\/?p=243733"},"modified":"2026-02-05T17:49:17","modified_gmt":"2026-02-05T16:49:17","slug":"veronique-pipoz-devient-coo-du-groupe","status":"publish","type":"post","link":"https:\/\/berneyassocies.com\/en\/veronique-pipoz-devient-coo-du-groupe\/","title":{"rendered":"V\u00e9ronique Pipoz devient COO du Groupe"},"content":{"rendered":"<p>[et_pb_section fb_built=\u00a0\u00bb1&Prime; _builder_version=\u00a0\u00bb4.23.4&Prime; _module_preset=\u00a0\u00bbdefault\u00a0\u00bb background_color=\u00a0\u00bb#002856&Prime; custom_margin=\u00a0\u00bb0px||||false|false\u00a0\u00bb custom_padding=\u00a0\u00bb0px||0px||true|false\u00a0\u00bb da_disable_devices=\u00a0\u00bboff|off|off\u00a0\u00bb global_colors_info=\u00a0\u00bb{}\u00a0\u00bb da_is_popup=\u00a0\u00bboff\u00a0\u00bb da_exit_intent=\u00a0\u00bboff\u00a0\u00bb da_has_close=\u00a0\u00bbon\u00a0\u00bb da_alt_close=\u00a0\u00bboff\u00a0\u00bb da_dark_close=\u00a0\u00bboff\u00a0\u00bb da_not_modal=\u00a0\u00bbon\u00a0\u00bb da_is_singular=\u00a0\u00bboff\u00a0\u00bb da_with_loader=\u00a0\u00bboff\u00a0\u00bb da_has_shadow=\u00a0\u00bbon\u00a0\u00bb][et_pb_row _builder_version=\u00a0\u00bb4.23.4&Prime; _module_preset=\u00a0\u00bbdefault\u00a0\u00bb global_colors_info=\u00a0\u00bb{}\u00a0\u00bb][et_pb_column type=\u00a0\u00bb4_4&Prime; _builder_version=\u00a0\u00bb4.23.4&Prime; _module_preset=\u00a0\u00bbdefault\u00a0\u00bb global_colors_info=\u00a0\u00bb{}\u00a0\u00bb][et_pb_post_title meta=\u00a0\u00bboff\u00a0\u00bb featured_image=\u00a0\u00bboff\u00a0\u00bb _builder_version=\u00a0\u00bb4.25.1&Prime; _module_preset=\u00a0\u00bbdefault\u00a0\u00bb title_text_color=\u00a0\u00bbgcid-8e43273b-69bc-45d5-a817-07da9f1ce23e\u00a0\u00bb title_font_size=\u00a0\u00bb60px\u00a0\u00bb title_line_height=\u00a0\u00bb1.3em\u00a0\u00bb width=\u00a0\u00bb55%\u00a0\u00bb width_tablet=\u00a0\u00bb100%\u00a0\u00bb width_phone=\u00a0\u00bb100%\u00a0\u00bb width_last_edited=\u00a0\u00bbon|desktop\u00a0\u00bb title_font_size_tablet=\u00a0\u00bb40px\u00a0\u00bb title_font_size_phone=\u00a0\u00bb30px\u00a0\u00bb title_font_size_last_edited=\u00a0\u00bbon|phone\u00a0\u00bb global_colors_info=\u00a0\u00bb{%22gcid-8e43273b-69bc-45d5-a817-07da9f1ce23e%22:%91%22title_text_color%22%93}\u00a0\u00bb][\/et_pb_post_title][\/et_pb_column][\/et_pb_row][\/et_pb_section][et_pb_section fb_built=\u00a0\u00bb1&Prime; disabled_on=\u00a0\u00bboff|off|on\u00a0\u00bb _builder_version=\u00a0\u00bb4.23.4&Prime; _module_preset=\u00a0\u00bbdefault\u00a0\u00bb custom_margin=\u00a0\u00bb||20px||false|false\u00a0\u00bb custom_padding=\u00a0\u00bb0px||0px||true|false\u00a0\u00bb da_disable_devices=\u00a0\u00bboff|off|off\u00a0\u00bb global_colors_info=\u00a0\u00bb{}\u00a0\u00bb da_is_popup=\u00a0\u00bboff\u00a0\u00bb da_exit_intent=\u00a0\u00bboff\u00a0\u00bb da_has_close=\u00a0\u00bbon\u00a0\u00bb da_alt_close=\u00a0\u00bboff\u00a0\u00bb da_dark_close=\u00a0\u00bboff\u00a0\u00bb da_not_modal=\u00a0\u00bbon\u00a0\u00bb da_is_singular=\u00a0\u00bboff\u00a0\u00bb da_with_loader=\u00a0\u00bboff\u00a0\u00bb da_has_shadow=\u00a0\u00bbon\u00a0\u00bb][et_pb_row disabled_on=\u00a0\u00bboff|off|off\u00a0\u00bb _builder_version=\u00a0\u00bb4.23.4&Prime; _module_preset=\u00a0\u00bbdefault\u00a0\u00bb width=\u00a0\u00bb100%\u00a0\u00bb max_width=\u00a0\u00bb100%\u00a0\u00bb custom_padding=\u00a0\u00bb0px||10px||false|false\u00a0\u00bb global_colors_info=\u00a0\u00bb{}\u00a0\u00bb][et_pb_column type=\u00a0\u00bb4_4&Prime; _builder_version=\u00a0\u00bb4.23.4&Prime; _module_preset=\u00a0\u00bbdefault\u00a0\u00bb global_colors_info=\u00a0\u00bb{}\u00a0\u00bb][et_pb_post_title title=\u00a0\u00bboff\u00a0\u00bb meta=\u00a0\u00bboff\u00a0\u00bb _builder_version=\u00a0\u00bb4.23.4&Prime; _module_preset=\u00a0\u00bbdefault\u00a0\u00bb global_colors_info=\u00a0\u00bb{}\u00a0\u00bb][\/et_pb_post_title][\/et_pb_column][\/et_pb_row][\/et_pb_section][et_pb_section fb_built=\u00a0\u00bb1&Prime; specialty=\u00a0\u00bbon\u00a0\u00bb custom_padding_last_edited=\u00a0\u00bbon|desktop\u00a0\u00bb module_class_1=\u00a0\u00bbevent_single_col_1&Prime; module_class_2=\u00a0\u00bbevent_single_col_2&Prime; _builder_version=\u00a0\u00bb4.24.3&Prime; _module_preset=\u00a0\u00bbdefault\u00a0\u00bb width=\u00a0\u00bb80%\u00a0\u00bb module_alignment=\u00a0\u00bbcenter\u00a0\u00bb custom_padding=\u00a0\u00bb10px||0px||false|false\u00a0\u00bb custom_padding_tablet=\u00a0\u00bb0px||||false|false\u00a0\u00bb custom_padding_phone=\u00a0\u00bb0px||||false|false\u00a0\u00bb da_disable_devices=\u00a0\u00bboff|off|off\u00a0\u00bb global_colors_info=\u00a0\u00bb{}\u00a0\u00bb da_is_popup=\u00a0\u00bboff\u00a0\u00bb da_exit_intent=\u00a0\u00bboff\u00a0\u00bb da_has_close=\u00a0\u00bbon\u00a0\u00bb da_alt_close=\u00a0\u00bboff\u00a0\u00bb da_dark_close=\u00a0\u00bboff\u00a0\u00bb da_not_modal=\u00a0\u00bbon\u00a0\u00bb da_is_singular=\u00a0\u00bboff\u00a0\u00bb da_with_loader=\u00a0\u00bboff\u00a0\u00bb da_has_shadow=\u00a0\u00bbon\u00a0\u00bb][et_pb_column type=\u00a0\u00bb1_2&Prime; specialty_columns=\u00a0\u00bb2&Prime; _builder_version=\u00a0\u00bb4.16&Prime; custom_padding=\u00a0\u00bb|||\u00a0\u00bb global_colors_info=\u00a0\u00bb{}\u00a0\u00bb custom_padding__hover=\u00a0\u00bb|||\u00a0\u00bb][et_pb_row_inner _builder_version=\u00a0\u00bb4.24.3&Prime; _module_preset=\u00a0\u00bbdefault\u00a0\u00bb custom_padding=\u00a0\u00bb0px||0px||true|false\u00a0\u00bb global_colors_info=\u00a0\u00bb{}\u00a0\u00bb][et_pb_column_inner saved_specialty_column_type=\u00a0\u00bb1_2&Prime; _builder_version=\u00a0\u00bb4.23.4&Prime; _module_preset=\u00a0\u00bbdefault\u00a0\u00bb global_colors_info=\u00a0\u00bb{}\u00a0\u00bb][et_pb_code module_class=\u00a0\u00bbbreadcrumb\u00a0\u00bb _builder_version=\u00a0\u00bb4.24.3&Prime; _module_preset=\u00a0\u00bbdefault\u00a0\u00bb custom_margin=\u00a0\u00bb0px||||false|false\u00a0\u00bb global_module=\u00a0\u00bb233714&Prime; global_colors_info=\u00a0\u00bb{}\u00a0\u00bb][\/et_pb_code][\/et_pb_column_inner][\/et_pb_row_inner][\/et_pb_column][et_pb_column type=\u00a0\u00bb1_2&Prime; _builder_version=\u00a0\u00bb4.16&Prime; custom_padding=\u00a0\u00bb|||\u00a0\u00bb global_colors_info=\u00a0\u00bb{}\u00a0\u00bb custom_padding__hover=\u00a0\u00bb|||\u00a0\u00bb][et_pb_post_title title=\u00a0\u00bboff\u00a0\u00bb meta=\u00a0\u00bboff\u00a0\u00bb disabled_on=\u00a0\u00bbon|on|off\u00a0\u00bb _builder_version=\u00a0\u00bb4.24.3&Prime; _module_preset=\u00a0\u00bbdefault\u00a0\u00bb positioning=\u00a0\u00bbabsolute\u00a0\u00bb position_origin_a=\u00a0\u00bbbottom_left\u00a0\u00bb vertical_offset=\u00a0\u00bb20px\u00a0\u00bb width=\u00a0\u00bb100%\u00a0\u00bb custom_margin=\u00a0\u00bb||||false|false\u00a0\u00bb custom_padding=\u00a0\u00bb||||false|false\u00a0\u00bb global_colors_info=\u00a0\u00bb{}\u00a0\u00bb][\/et_pb_post_title][\/et_pb_column][\/et_pb_section][et_pb_section fb_built=\u00a0\u00bb1&Prime; _builder_version=\u00a0\u00bb4.24.3&Prime; _module_preset=\u00a0\u00bbdefault\u00a0\u00bb width=\u00a0\u00bb80%\u00a0\u00bb module_alignment=\u00a0\u00bbcenter\u00a0\u00bb custom_margin=\u00a0\u00bb||||false|false\u00a0\u00bb custom_padding=\u00a0\u00bb0px||||false|false\u00a0\u00bb da_disable_devices=\u00a0\u00bboff|off|off\u00a0\u00bb global_colors_info=\u00a0\u00bb{}\u00a0\u00bb da_is_popup=\u00a0\u00bboff\u00a0\u00bb da_exit_intent=\u00a0\u00bboff\u00a0\u00bb da_has_close=\u00a0\u00bbon\u00a0\u00bb da_alt_close=\u00a0\u00bboff\u00a0\u00bb da_dark_close=\u00a0\u00bboff\u00a0\u00bb da_not_modal=\u00a0\u00bbon\u00a0\u00bb da_is_singular=\u00a0\u00bboff\u00a0\u00bb da_with_loader=\u00a0\u00bboff\u00a0\u00bb da_has_shadow=\u00a0\u00bbon\u00a0\u00bb][et_pb_row column_structure=\u00a0\u00bb3_5,2_5&Prime; _builder_version=\u00a0\u00bb4.25.0&Prime; _module_preset=\u00a0\u00bbdefault\u00a0\u00bb custom_padding=\u00a0\u00bb0px||||false|false\u00a0\u00bb global_colors_info=\u00a0\u00bb{}\u00a0\u00bb][et_pb_column type=\u00a0\u00bb3_5&Prime; _builder_version=\u00a0\u00bb4.23.4&Prime; _module_preset=\u00a0\u00bbdefault\u00a0\u00bb global_colors_info=\u00a0\u00bb{}\u00a0\u00bb][et_pb_text _builder_version=\u00a0\u00bb4.27.5&Prime; _module_preset=\u00a0\u00bbdefault\u00a0\u00bb custom_padding=\u00a0\u00bb||0px|||\u00a0\u00bb global_colors_info=\u00a0\u00bb{}\u00a0\u00bb]<\/p>\n<h2><span style=\"color: #002856;\">La nomination de V\u00e9ronique Pipoz au poste de Chief Operating Officer (COO) marque une nouvelle \u00e9tape dans le d\u00e9veloppement du Groupe.<\/span><\/h2>\n<p>[\/et_pb_text][et_pb_text _builder_version=\u00a0\u00bb4.27.5&Prime; _module_preset=\u00a0\u00bbdefault\u00a0\u00bb global_colors_info=\u00a0\u00bb{}\u00a0\u00bb]<\/p>\n<p>Experte-comptable dipl\u00f4m\u00e9e depuis 2007, V\u00e9ronique a rejoint le Groupe il y a trois ans au sein du d\u00e9partement Conseil. Son parcours en audit, finance et gouvernance lui conf\u00e8re aujourd\u2019hui une vision transversale des enjeux du Groupe.<\/p>\n<p>Dans cette interview, elle partage sa vision, ses priorit\u00e9s et sa mani\u00e8re d\u2019aborder ce nouveau r\u00f4le strat\u00e9gique.<\/p>\n<p>[\/et_pb_text][et_pb_text _builder_version=\u00a0\u00bb4.27.5&Prime; _module_preset=\u00a0\u00bbdefault\u00a0\u00bb global_colors_info=\u00a0\u00bb{}\u00a0\u00bb]<\/p>\n<h2><span style=\"color: #002856;\">D\u00e9couvrez son portrait au travers de ces quelques questions :<\/span><\/h2>\n<p>[\/et_pb_text][et_pb_text _builder_version=\u00a0\u00bb4.27.5&Prime; _module_preset=\u00a0\u00bbdefault\u00a0\u00bb global_colors_info=\u00a0\u00bb{}\u00a0\u00bb]<\/p>\n<h3 style=\"text-align: left;\"><span style=\"color: #fb0346;\">Est-ce que tu peux nous raconter ton parcours chez Berney Associ\u00e9s et ton \u00e9volution dans le r\u00f4le de COO ?<\/span><\/h3>\n<p>[\/et_pb_text][et_pb_text _builder_version=\u00a0\u00bb4.27.5&Prime; _module_preset=\u00a0\u00bbdefault\u00a0\u00bb global_colors_info=\u00a0\u00bb{}\u00a0\u00bb]<\/p>\n<p>J\u2019ai rejoint Berney Associ\u00e9s il y a environ trois ans avec un objectif clair : accompagner l\u2019int\u00e9gration de trois fiduciaires au sein du canton de Vaud. Il s\u2019agissait notamment de cr\u00e9er une dynamique de travail commune entre les \u00e9quipes et de piloter leur regroupement au sein du b\u00e2timent que nous occupons aujourd\u2019hui.<\/p>\n<p>En parall\u00e8le, j\u2019ai \u00e9galement \u0153uvr\u00e9 au d\u00e9veloppement de la visibilit\u00e9 de Berney Associ\u00e9s dans le canton de Vaud, le groupe \u00e9tant historiquement davantage reconnu \u00e0 Gen\u00e8ve.<\/p>\n<p>Parall\u00e8lement \u00e0 ces missions, j\u2019ai int\u00e9gr\u00e9 le d\u00e9partement Conseil, o\u00f9 j\u2019ai accompagn\u00e9 des clients aux profils tr\u00e8s vari\u00e9s. Je me suis aussi rapidement impliqu\u00e9e dans plusieurs projets internes transversaux, ce qui a conduit, assez naturellement, \u00e0 mon \u00e9volution vers le r\u00f4le de Chief Operating Officer (COO).<\/p>\n<p>[\/et_pb_text][et_pb_text _builder_version=\u00a0\u00bb4.27.5&Prime; _module_preset=\u00a0\u00bbdefault\u00a0\u00bb global_colors_info=\u00a0\u00bb{}\u00a0\u00bb]<\/p>\n<h3 style=\"text-align: left;\"><span style=\"color: #fb0346;\">Qu&rsquo;est-ce qui t&rsquo;as pouss\u00e9 \u00e0 accepter ce r\u00f4le ? Est-ce que cette \u00e9volution te semble \u00eatre la suite logique de ton parcours dans l\u2019entreprise ?<\/span><\/h3>\n<p>[\/et_pb_text][et_pb_text _builder_version=\u00a0\u00bb4.27.5&Prime; _module_preset=\u00a0\u00bbdefault\u00a0\u00bb global_colors_info=\u00a0\u00bb{}\u00a0\u00bb]<\/p>\n<p>Mon parcours est un peu diff\u00e9rent des autres, car j\u2019ai d\u2019abord travaill\u00e9 pendant sept ans en audit. J\u2019ai ensuite quitt\u00e9 ce monde pour rejoindre des entreprises, dans lesquelles j\u2019ai occup\u00e9 des fonctions financi\u00e8res, notamment en tant que responsable de la compliance ou directrice financi\u00e8re. Je suis ensuite revenue dans le monde de la fiduciaire en rejoignant Berney Associ\u00e9s. Cela me permet aujourd\u2019hui d\u2019avoir une double vision, \u00e0 la fois du c\u00f4t\u00e9 client et du c\u00f4t\u00e9 interne.<\/p>\n<p>Berney Associ\u00e9s f\u00eate cette ann\u00e9e ses 35 ans. C\u2019est une tr\u00e8s belle entreprise, avec un beau parcours et une belle histoire, mais qui fait aujourd\u2019hui face \u00e0 des d\u00e9fis compl\u00e8tement diff\u00e9rents. Les attentes des collaborateurs ont \u00e9galement beaucoup \u00e9volu\u00e9 par rapport \u00e0 l\u2019\u00e9poque o\u00f9 l\u2019entreprise comptait une cinquantaine de personnes. Dans ce contexte, nous avons d\u00e9cid\u00e9 cette ann\u00e9e de revoir notre strat\u00e9gie \u00e0 cinq ans et d\u2019identifier les projets cl\u00e9s et prioritaires qui nous permettront d\u2019atteindre notre vision \u00e0 l\u2019horizon 2030.<\/p>\n<p>Il fallait quelqu\u2019un pour piloter ces projets strat\u00e9giques, qui concernent aussi bien nos clients, \u00e0 travers le d\u00e9veloppement de nouvelles prestations, que les collaborateurs, leur bien-\u00eatre et l\u2019innovation, qui joue aujourd\u2019hui un r\u00f4le tr\u00e8s important dans les fiduciaires. Le fait que je sois d\u00e9j\u00e0 impliqu\u00e9e dans de nombreux projets internes, et que ce soit quelque chose que j\u2019aime \u00e9norm\u00e9ment, car contribuer \u00e0 faire grandir l\u2019entreprise dans la bonne direction est quelque chose qui me touche et m\u2019importe, a fait que ce r\u00f4le de COO s\u2019est impos\u00e9 de mani\u00e8re assez naturelle.<\/p>\n<p>[\/et_pb_text][et_pb_text _builder_version=\u00a0\u00bb4.27.5&Prime; _module_preset=\u00a0\u00bbdefault\u00a0\u00bb global_colors_info=\u00a0\u00bb{}\u00a0\u00bb]<\/p>\n<h3 style=\"text-align: left;\"><span style=\"color: #fb0346;\">Quels seront tes objectifs ou ta priorit\u00e9 en tant que COO ?\u00a0<\/span><\/h3>\n<p>[\/et_pb_text][et_pb_text _builder_version=\u00a0\u00bb4.27.5&Prime; _module_preset=\u00a0\u00bbdefault\u00a0\u00bb global_colors_info=\u00a0\u00bb{}\u00a0\u00bb]<\/p>\n<p>Ma priorit\u00e9 en tant que COO est d\u2019accompagner la mise en \u0153uvre de la nouvelle strat\u00e9gie \u00e0 cinq ans, notamment \u00e0 travers l\u2019identification et le pilotage des projets prioritaires, tout en maintenant l\u2019ADN de Berney Associ\u00e9s, qui est l\u2019esprit d\u2019entreprendre et d\u2019innover.<\/p>\n<p>[\/et_pb_text][et_pb_text _builder_version=\u00a0\u00bb4.27.5&Prime; _module_preset=\u00a0\u00bbdefault\u00a0\u00bb global_colors_info=\u00a0\u00bb{}\u00a0\u00bb]<\/p>\n<h3 style=\"text-align: left;\"><span style=\"color: #fb0346;\">Qu&rsquo;est-ce qui change dans ton quotidien depuis que tu es COO ?<\/span><\/h3>\n<p>[\/et_pb_text][et_pb_text _builder_version=\u00a0\u00bb4.27.5&Prime; _module_preset=\u00a0\u00bbdefault\u00a0\u00bb global_colors_info=\u00a0\u00bb{}\u00a0\u00bb]<\/p>\n<p>Moi, j\u2019ai l\u2019impression que \u00e7a fait des mois que je suis COO, parce que finalement cela fait d\u00e9j\u00e0 longtemps que je suis impliqu\u00e9e dans diff\u00e9rents projets, que ce soit sur des outils ou sur la r\u00e9flexion strat\u00e9gique.<\/p>\n<p>Mais, globalement, ce qui change surtout, c\u2019est le fait de prendre le temps de discuter avec mes coll\u00e8gues, de r\u00e9fl\u00e9chir \u00e0 l\u2019\u00e9volution du m\u00e9tier, \u00e0 l\u2019\u00e9volution des outils, et de se demander o\u00f9 est-ce que l\u2019on veut \u00eatre dans cinq ans.<\/p>\n<p>J\u2019ai aussi beaucoup de chance, parce que mes coll\u00e8gues m\u2019aident \u00e9norm\u00e9ment sur ces sujets. C\u2019est l\u00e0 que l\u2019on voit vraiment qu\u2019\u00e0 l\u2019interne, nous avons cet esprit d\u2019entreprendre et de solidarit\u00e9.<\/p>\n<p>[\/et_pb_text][et_pb_text _builder_version=\u00a0\u00bb4.27.5&Prime; _module_preset=\u00a0\u00bbdefault\u00a0\u00bb global_colors_info=\u00a0\u00bb{}\u00a0\u00bb]<\/p>\n<h3 style=\"text-align: left;\"><span style=\"color: #fb0346;\">Tu conserves encore une partie de tes mandats de conseil : comment g\u00e8res-tu cet \u00e9quilibre avec ton nouveau r\u00f4le ?<\/span><\/h3>\n<p>[\/et_pb_text][et_pb_text _builder_version=\u00a0\u00bb4.27.5&Prime; _module_preset=\u00a0\u00bbdefault\u00a0\u00bb global_colors_info=\u00a0\u00bb{}\u00a0\u00bb]<\/p>\n<p>Je pense qu&rsquo;il faudra plut\u00f4t me poser cette question dans quelque mois. Pour le moment, je suis plut\u00f4t en phase de r\u00e9flexion, d&rsquo;ajustement. Bien \u00e9videmment, je n&rsquo;oublie pas mes clients que j&rsquo;aime \u00e9norm\u00e9ment et que je continue de servir mais j&rsquo;essaie \u00e9galement de trouver le temps \u00e0 l&rsquo;interne de pouvoir faire avancer les projets et surtout les jalons importants de l&rsquo;ann\u00e9e qui arrive. <\/p>\n<p>[\/et_pb_text][et_pb_text _builder_version=\u00a0\u00bb4.27.5&Prime; _module_preset=\u00a0\u00bbdefault\u00a0\u00bb global_colors_info=\u00a0\u00bb{}\u00a0\u00bb]<\/p>\n<h3 style=\"text-align: left;\"><span style=\"color: #fb0346;\">Quel conseil donnerais-tu \u00e0 quelqu&rsquo;un qui souhaite \u00e9voluer en interne ou prendre plus de responsabilit\u00e9s ?\u00a0<\/span><\/h3>\n<p>[\/et_pb_text][et_pb_text _builder_version=\u00a0\u00bb4.27.5&Prime; _module_preset=\u00a0\u00bbdefault\u00a0\u00bb global_colors_info=\u00a0\u00bb{}\u00a0\u00bb]<\/p>\n<p>L\u2019avantage chez Berney Associ\u00e9s, c\u2019est qu\u2019il y a de la place. On a toujours de la place pour les bonnes volont\u00e9s, pour ceux qui veulent faire avancer les choses. Il y a un esprit d\u2019entreprendre tr\u00e8s fort, donc quelqu\u2019un qui a une id\u00e9e, un projet, une envie, la porte est toujours ouverte pour venir en discuter et pour qu\u2019on donne les bonnes conditions pour y arriver.<\/p>\n<p>[\/et_pb_text][et_pb_video src=\u00a0\u00bbhttps:\/\/www.youtube.com\/shorts\/WavuULjU4fs\u00a0\u00bb _builder_version=\u00a0\u00bb4.27.5&Prime; _module_preset=\u00a0\u00bbdefault\u00a0\u00bb hover_enabled=\u00a0\u00bb0&Prime; sticky_enabled=\u00a0\u00bb0&Prime;][\/et_pb_video][\/et_pb_column][et_pb_column type=\u00a0\u00bb2_5&Prime; _builder_version=\u00a0\u00bb4.25.0&Prime; _module_preset=\u00a0\u00bbdefault\u00a0\u00bb z_index=\u00a0\u00bb1&Prime; sticky_position=\u00a0\u00bbtop\u00a0\u00bb sticky_offset_top=\u00a0\u00bb150px\u00a0\u00bb sticky_limit_bottom=\u00a0\u00bbrow\u00a0\u00bb sticky_offset_surrounding=\u00a0\u00bboff\u00a0\u00bb sticky_position_tablet=\u00a0\u00bbnone\u00a0\u00bb sticky_position_phone=\u00a0\u00bbnone\u00a0\u00bb sticky_position_last_edited=\u00a0\u00bbon|desktop\u00a0\u00bb global_colors_info=\u00a0\u00bb{}\u00a0\u00bb][et_pb_text _builder_version=\u00a0\u00bb4.24.3&Prime; _module_preset=\u00a0\u00bbdefault\u00a0\u00bb header_2_text_color=\u00a0\u00bb#002856&Prime; header_2_font_size=\u00a0\u00bb33px\u00a0\u00bb custom_margin=\u00a0\u00bb||10px||false|false\u00a0\u00bb custom_padding_tablet=\u00a0\u00bb30px||||false|false\u00a0\u00bb custom_padding_phone=\u00a0\u00bb30px||||false|false\u00a0\u00bb custom_padding_last_edited=\u00a0\u00bbon|tablet\u00a0\u00bb global_colors_info=\u00a0\u00bb{}\u00a0\u00bb]<\/p>\n<h2>Derni\u00e8res actualit\u00e9s<\/h2>\n<p>[\/et_pb_text][et_pb_blog posts_number=\u00a0\u00bb3&Prime; include_categories=\u00a0\u00bb19&Prime; show_more=\u00a0\u00bbon\u00a0\u00bb show_author=\u00a0\u00bboff\u00a0\u00bb show_date=\u00a0\u00bboff\u00a0\u00bb show_categories=\u00a0\u00bboff\u00a0\u00bb show_excerpt=\u00a0\u00bboff\u00a0\u00bb show_pagination=\u00a0\u00bboff\u00a0\u00bb module_class=\u00a0\u00bbdt-blog\u00a0\u00bb _builder_version=\u00a0\u00bb4.25.1&Prime; _module_preset=\u00a0\u00bbdefault\u00a0\u00bb header_text_color=\u00a0\u00bb#002856&Prime; header_font_size=\u00a0\u00bb26px\u00a0\u00bb read_more_text_color=\u00a0\u00bb#002856&Prime; global_colors_info=\u00a0\u00bb{}\u00a0\u00bb][\/et_pb_blog][\/et_pb_column][\/et_pb_row][\/et_pb_section]<\/p>\n","protected":false},"excerpt":{"rendered":"<p>La nomination de V\u00e9ronique Pipoz au poste de Chief Operating Officer (COO) marque une nouvelle \u00e9tape dans le d\u00e9veloppement du Groupe.<\/p>","protected":false},"author":10,"featured_media":243735,"comment_status":"closed","ping_status":"closed","sticky":false,"template":"","format":"standard","meta":{"_acf_changed":false,"_et_pb_use_builder":"on","_et_pb_old_content":"","_et_gb_content_width":"","inline_featured_image":false,"footnotes":"","_links_to":"","_links_to_target":""},"categories":[19,87],"tags":[181],"actualite-theme":[],"class_list":["post-243733","post","type-post","status-publish","format-standard","has-post-thumbnail","hentry","category-actualites","category-rh","tag-rh"],"acf":[],"yoast_head":"<!-- This site is optimized with the Yoast SEO plugin v27.4 - https:\/\/yoast.com\/product\/yoast-seo-wordpress\/ -->\n<title>V\u00e9ronique Pipoz devient COO du Groupe - Berney Associ\u00e9s SA<\/title>\n<meta name=\"description\" content=\"Nous avons le plaisir d\u2019annoncer la nomination de V\u00e9ronique Pipoz en tant que COO du Groupe! D\u00e9couvrez son portrait.\" \/>\n<meta name=\"robots\" content=\"index, follow, max-snippet:-1, max-image-preview:large, max-video-preview:-1\" \/>\n<link rel=\"canonical\" href=\"https:\/\/berneyassocies.com\/en\/veronique-pipoz-devient-coo-du-groupe\/\" \/>\n<meta property=\"og:locale\" content=\"en_GB\" \/>\n<meta property=\"og:type\" content=\"article\" \/>\n<meta property=\"og:title\" content=\"V\u00e9ronique Pipoz devient COO du Groupe - Berney Associ\u00e9s SA\" \/>\n<meta property=\"og:description\" content=\"Nous avons le plaisir d\u2019annoncer la nomination de V\u00e9ronique Pipoz en tant que COO du Groupe! D\u00e9couvrez son portrait.\" \/>\n<meta property=\"og:url\" content=\"https:\/\/berneyassocies.com\/en\/wp-json\/wp\/v2\/posts\/243733\" \/>\n<meta property=\"og:site_name\" content=\"Berney Associ\u00e9s SA\" \/>\n<meta property=\"article:published_time\" content=\"2026-02-02T15:11:42+00:00\" \/>\n<meta property=\"article:modified_time\" content=\"2026-02-05T16:49:17+00:00\" \/>\n<meta property=\"og:image\" content=\"https:\/\/berneyassocies.com\/wp-content\/uploads\/2026\/02\/BERNEY-Portrait-Veronique-Pipoz-par-Patric-Pop-Photo-27468-LinkedIn.webp\" \/>\n\t<meta property=\"og:image:width\" content=\"1200\" \/>\n\t<meta property=\"og:image:height\" content=\"627\" \/>\n\t<meta property=\"og:image:type\" content=\"image\/webp\" \/>\n<meta name=\"author\" content=\"Aida Foric\" \/>\n<meta name=\"twitter:card\" content=\"summary_large_image\" \/>\n<meta name=\"twitter:label1\" content=\"Written by\" \/>\n\t<meta name=\"twitter:data1\" content=\"Aida Foric\" \/>\n\t<meta name=\"twitter:label2\" content=\"Estimated reading time\" \/>\n\t<meta name=\"twitter:data2\" content=\"6 minutes\" \/>\n<script type=\"application\/ld+json\" class=\"yoast-schema-graph\">{\"@context\":\"https:\\\/\\\/schema.org\",\"@graph\":[{\"@type\":\"NewsArticle\",\"@id\":\"https:\\\/\\\/berneyassocies.com\\\/veronique-pipoz-devient-coo-du-groupe\\\/#article\",\"isPartOf\":{\"@id\":\"https:\\\/\\\/berneyassocies.com\\\/veronique-pipoz-devient-coo-du-groupe\\\/\"},\"author\":{\"name\":\"Aida Foric\",\"@id\":\"https:\\\/\\\/berneyassocies.com\\\/#\\\/schema\\\/person\\\/eab8c26b409706051ae9742922450338\"},\"headline\":\"V\u00e9ronique Pipoz devient COO du Groupe\",\"datePublished\":\"2026-02-02T15:11:42+00:00\",\"dateModified\":\"2026-02-05T16:49:17+00:00\",\"mainEntityOfPage\":{\"@id\":\"https:\\\/\\\/berneyassocies.com\\\/veronique-pipoz-devient-coo-du-groupe\\\/\"},\"wordCount\":2017,\"publisher\":{\"@id\":\"https:\\\/\\\/berneyassocies.com\\\/#organization\"},\"image\":{\"@id\":\"https:\\\/\\\/berneyassocies.com\\\/veronique-pipoz-devient-coo-du-groupe\\\/#primaryimage\"},\"thumbnailUrl\":\"https:\\\/\\\/berneyassocies.com\\\/wp-content\\\/uploads\\\/2026\\\/02\\\/BERNEY-Portrait-Veronique-Pipoz-par-Patric-Pop-Photo-27468-LinkedIn.webp\",\"keywords\":[\"RH\"],\"articleSection\":[\"Actualit\u00e9s\",\"RH\"],\"inLanguage\":\"en-GB\"},{\"@type\":\"WebPage\",\"@id\":\"https:\\\/\\\/berneyassocies.com\\\/veronique-pipoz-devient-coo-du-groupe\\\/\",\"url\":\"https:\\\/\\\/berneyassocies.com\\\/veronique-pipoz-devient-coo-du-groupe\\\/\",\"name\":\"V\u00e9ronique Pipoz devient COO du Groupe - Berney Associ\u00e9s SA\",\"isPartOf\":{\"@id\":\"https:\\\/\\\/berneyassocies.com\\\/#website\"},\"primaryImageOfPage\":{\"@id\":\"https:\\\/\\\/berneyassocies.com\\\/veronique-pipoz-devient-coo-du-groupe\\\/#primaryimage\"},\"image\":{\"@id\":\"https:\\\/\\\/berneyassocies.com\\\/veronique-pipoz-devient-coo-du-groupe\\\/#primaryimage\"},\"thumbnailUrl\":\"https:\\\/\\\/berneyassocies.com\\\/wp-content\\\/uploads\\\/2026\\\/02\\\/BERNEY-Portrait-Veronique-Pipoz-par-Patric-Pop-Photo-27468-LinkedIn.webp\",\"datePublished\":\"2026-02-02T15:11:42+00:00\",\"dateModified\":\"2026-02-05T16:49:17+00:00\",\"description\":\"Nous avons le plaisir d\u2019annoncer la nomination de V\u00e9ronique Pipoz en tant que COO du Groupe! D\u00e9couvrez son portrait.\",\"breadcrumb\":{\"@id\":\"https:\\\/\\\/berneyassocies.com\\\/veronique-pipoz-devient-coo-du-groupe\\\/#breadcrumb\"},\"inLanguage\":\"en-GB\",\"potentialAction\":[{\"@type\":\"ReadAction\",\"target\":[\"https:\\\/\\\/berneyassocies.com\\\/veronique-pipoz-devient-coo-du-groupe\\\/\"]}]},{\"@type\":\"ImageObject\",\"inLanguage\":\"en-GB\",\"@id\":\"https:\\\/\\\/berneyassocies.com\\\/veronique-pipoz-devient-coo-du-groupe\\\/#primaryimage\",\"url\":\"https:\\\/\\\/berneyassocies.com\\\/wp-content\\\/uploads\\\/2026\\\/02\\\/BERNEY-Portrait-Veronique-Pipoz-par-Patric-Pop-Photo-27468-LinkedIn.webp\",\"contentUrl\":\"https:\\\/\\\/berneyassocies.com\\\/wp-content\\\/uploads\\\/2026\\\/02\\\/BERNEY-Portrait-Veronique-Pipoz-par-Patric-Pop-Photo-27468-LinkedIn.webp\",\"width\":1200,\"height\":627},{\"@type\":\"BreadcrumbList\",\"@id\":\"https:\\\/\\\/berneyassocies.com\\\/veronique-pipoz-devient-coo-du-groupe\\\/#breadcrumb\",\"itemListElement\":[{\"@type\":\"ListItem\",\"position\":1,\"name\":\"Actualit\u00e9s\",\"item\":\"https:\\\/\\\/berneyassocies.com\\\/category\\\/actualites\\\/\"},{\"@type\":\"ListItem\",\"position\":2,\"name\":\"V\u00e9ronique Pipoz devient COO du Groupe\"}]},{\"@type\":\"WebSite\",\"@id\":\"https:\\\/\\\/berneyassocies.com\\\/#website\",\"url\":\"https:\\\/\\\/berneyassocies.com\\\/\",\"name\":\"Berney Associ\u00e9s SA\",\"description\":\"Votre fiduciaire en Suisse romande\",\"publisher\":{\"@id\":\"https:\\\/\\\/berneyassocies.com\\\/#organization\"},\"alternateName\":\"Votre fiduciaire en Suisse romande\",\"potentialAction\":[{\"@type\":\"SearchAction\",\"target\":{\"@type\":\"EntryPoint\",\"urlTemplate\":\"https:\\\/\\\/berneyassocies.com\\\/?s={search_term_string}\"},\"query-input\":{\"@type\":\"PropertyValueSpecification\",\"valueRequired\":true,\"valueName\":\"search_term_string\"}}],\"inLanguage\":\"en-GB\"},{\"@type\":\"Organization\",\"@id\":\"https:\\\/\\\/berneyassocies.com\\\/#organization\",\"name\":\"Berney Associ\u00e9s SA\",\"alternateName\":\"Votre fiduciaire en Suisse romande\",\"url\":\"https:\\\/\\\/berneyassocies.com\\\/\",\"logo\":{\"@type\":\"ImageObject\",\"inLanguage\":\"en-GB\",\"@id\":\"https:\\\/\\\/berneyassocies.com\\\/#\\\/schema\\\/logo\\\/image\\\/\",\"url\":\"https:\\\/\\\/berneyassocies.com\\\/wp-content\\\/uploads\\\/2025\\\/05\\\/Berney-Associes-Votre-Fiduciaire-en-Suisse-Romande.png\",\"contentUrl\":\"https:\\\/\\\/berneyassocies.com\\\/wp-content\\\/uploads\\\/2025\\\/05\\\/Berney-Associes-Votre-Fiduciaire-en-Suisse-Romande.png\",\"width\":1200,\"height\":628,\"caption\":\"Berney Associ\u00e9s SA\"},\"image\":{\"@id\":\"https:\\\/\\\/berneyassocies.com\\\/#\\\/schema\\\/logo\\\/image\\\/\"},\"sameAs\":[\"https:\\\/\\\/www.linkedin.com\\\/company\\\/berney-associ-s\\\/?originalSubdomain=fr\",\"https:\\\/\\\/www.instagram.com\\\/berneyassocies\\\/\",\"https:\\\/\\\/www.youtube.com\\\/channel\\\/UCRPy3E8GsTbCeg0qWpCmkpw\"]},{\"@type\":\"Person\",\"@id\":\"https:\\\/\\\/berneyassocies.com\\\/#\\\/schema\\\/person\\\/eab8c26b409706051ae9742922450338\",\"name\":\"Aida Foric\",\"image\":{\"@type\":\"ImageObject\",\"inLanguage\":\"en-GB\",\"@id\":\"https:\\\/\\\/secure.gravatar.com\\\/avatar\\\/2394dc1a49168857a5c3b2bb0ae7edac4100fbc2a59464c37a71bc7e14d3940a?s=96&d=mm&r=g\",\"url\":\"https:\\\/\\\/secure.gravatar.com\\\/avatar\\\/2394dc1a49168857a5c3b2bb0ae7edac4100fbc2a59464c37a71bc7e14d3940a?s=96&d=mm&r=g\",\"contentUrl\":\"https:\\\/\\\/secure.gravatar.com\\\/avatar\\\/2394dc1a49168857a5c3b2bb0ae7edac4100fbc2a59464c37a71bc7e14d3940a?s=96&d=mm&r=g\",\"caption\":\"Aida Foric\"}}]}<\/script>\n<!-- \/ Yoast SEO plugin. -->","yoast_head_json":{"title":"V\u00e9ronique Pipoz devient COO du Groupe - Berney Associ\u00e9s SA","description":"Nous avons le plaisir d\u2019annoncer la nomination de V\u00e9ronique Pipoz en tant que COO du Groupe! D\u00e9couvrez son portrait.","robots":{"index":"index","follow":"follow","max-snippet":"max-snippet:-1","max-image-preview":"max-image-preview:large","max-video-preview":"max-video-preview:-1"},"canonical":"https:\/\/berneyassocies.com\/en\/veronique-pipoz-devient-coo-du-groupe\/","og_locale":"en_GB","og_type":"article","og_title":"V\u00e9ronique Pipoz devient COO du Groupe - Berney Associ\u00e9s SA","og_description":"Nous avons le plaisir d\u2019annoncer la nomination de V\u00e9ronique Pipoz en tant que COO du Groupe! D\u00e9couvrez son portrait.","og_url":"https:\/\/berneyassocies.com\/en\/wp-json\/wp\/v2\/posts\/243733","og_site_name":"Berney Associ\u00e9s SA","article_published_time":"2026-02-02T15:11:42+00:00","article_modified_time":"2026-02-05T16:49:17+00:00","og_image":[{"width":1200,"height":627,"url":"https:\/\/berneyassocies.com\/wp-content\/uploads\/2026\/02\/BERNEY-Portrait-Veronique-Pipoz-par-Patric-Pop-Photo-27468-LinkedIn.webp","type":"image\/webp"}],"author":"Aida Foric","twitter_card":"summary_large_image","twitter_misc":{"Written by":"Aida Foric","Estimated reading time":"6 minutes"},"schema":{"@context":"https:\/\/schema.org","@graph":[{"@type":"NewsArticle","@id":"https:\/\/berneyassocies.com\/veronique-pipoz-devient-coo-du-groupe\/#article","isPartOf":{"@id":"https:\/\/berneyassocies.com\/veronique-pipoz-devient-coo-du-groupe\/"},"author":{"name":"Aida Foric","@id":"https:\/\/berneyassocies.com\/#\/schema\/person\/eab8c26b409706051ae9742922450338"},"headline":"V\u00e9ronique Pipoz devient COO du Groupe","datePublished":"2026-02-02T15:11:42+00:00","dateModified":"2026-02-05T16:49:17+00:00","mainEntityOfPage":{"@id":"https:\/\/berneyassocies.com\/veronique-pipoz-devient-coo-du-groupe\/"},"wordCount":2017,"publisher":{"@id":"https:\/\/berneyassocies.com\/#organization"},"image":{"@id":"https:\/\/berneyassocies.com\/veronique-pipoz-devient-coo-du-groupe\/#primaryimage"},"thumbnailUrl":"https:\/\/berneyassocies.com\/wp-content\/uploads\/2026\/02\/BERNEY-Portrait-Veronique-Pipoz-par-Patric-Pop-Photo-27468-LinkedIn.webp","keywords":["RH"],"articleSection":["Actualit\u00e9s","RH"],"inLanguage":"en-GB"},{"@type":"WebPage","@id":"https:\/\/berneyassocies.com\/veronique-pipoz-devient-coo-du-groupe\/","url":"https:\/\/berneyassocies.com\/veronique-pipoz-devient-coo-du-groupe\/","name":"V\u00e9ronique Pipoz devient COO du Groupe - Berney Associ\u00e9s SA","isPartOf":{"@id":"https:\/\/berneyassocies.com\/#website"},"primaryImageOfPage":{"@id":"https:\/\/berneyassocies.com\/veronique-pipoz-devient-coo-du-groupe\/#primaryimage"},"image":{"@id":"https:\/\/berneyassocies.com\/veronique-pipoz-devient-coo-du-groupe\/#primaryimage"},"thumbnailUrl":"https:\/\/berneyassocies.com\/wp-content\/uploads\/2026\/02\/BERNEY-Portrait-Veronique-Pipoz-par-Patric-Pop-Photo-27468-LinkedIn.webp","datePublished":"2026-02-02T15:11:42+00:00","dateModified":"2026-02-05T16:49:17+00:00","description":"Nous avons le plaisir d\u2019annoncer la nomination de V\u00e9ronique Pipoz en tant que COO du Groupe! D\u00e9couvrez son portrait.","breadcrumb":{"@id":"https:\/\/berneyassocies.com\/veronique-pipoz-devient-coo-du-groupe\/#breadcrumb"},"inLanguage":"en-GB","potentialAction":[{"@type":"ReadAction","target":["https:\/\/berneyassocies.com\/veronique-pipoz-devient-coo-du-groupe\/"]}]},{"@type":"ImageObject","inLanguage":"en-GB","@id":"https:\/\/berneyassocies.com\/veronique-pipoz-devient-coo-du-groupe\/#primaryimage","url":"https:\/\/berneyassocies.com\/wp-content\/uploads\/2026\/02\/BERNEY-Portrait-Veronique-Pipoz-par-Patric-Pop-Photo-27468-LinkedIn.webp","contentUrl":"https:\/\/berneyassocies.com\/wp-content\/uploads\/2026\/02\/BERNEY-Portrait-Veronique-Pipoz-par-Patric-Pop-Photo-27468-LinkedIn.webp","width":1200,"height":627},{"@type":"BreadcrumbList","@id":"https:\/\/berneyassocies.com\/veronique-pipoz-devient-coo-du-groupe\/#breadcrumb","itemListElement":[{"@type":"ListItem","position":1,"name":"Actualit\u00e9s","item":"https:\/\/berneyassocies.com\/category\/actualites\/"},{"@type":"ListItem","position":2,"name":"V\u00e9ronique Pipoz devient COO du Groupe"}]},{"@type":"WebSite","@id":"https:\/\/berneyassocies.com\/#website","url":"https:\/\/berneyassocies.com\/","name":"Berney Associ\u00e9s SA","description":"Your trust company in French-speaking Switzerland","publisher":{"@id":"https:\/\/berneyassocies.com\/#organization"},"alternateName":"Votre fiduciaire en Suisse romande","potentialAction":[{"@type":"SearchAction","target":{"@type":"EntryPoint","urlTemplate":"https:\/\/berneyassocies.com\/?s={search_term_string}"},"query-input":{"@type":"PropertyValueSpecification","valueRequired":true,"valueName":"search_term_string"}}],"inLanguage":"en-GB"},{"@type":"Organization","@id":"https:\/\/berneyassocies.com\/#organization","name":"Berney Associ\u00e9s SA","alternateName":"Votre fiduciaire en Suisse romande","url":"https:\/\/berneyassocies.com\/","logo":{"@type":"ImageObject","inLanguage":"en-GB","@id":"https:\/\/berneyassocies.com\/#\/schema\/logo\/image\/","url":"https:\/\/berneyassocies.com\/wp-content\/uploads\/2025\/05\/Berney-Associes-Votre-Fiduciaire-en-Suisse-Romande.png","contentUrl":"https:\/\/berneyassocies.com\/wp-content\/uploads\/2025\/05\/Berney-Associes-Votre-Fiduciaire-en-Suisse-Romande.png","width":1200,"height":628,"caption":"Berney Associ\u00e9s SA"},"image":{"@id":"https:\/\/berneyassocies.com\/#\/schema\/logo\/image\/"},"sameAs":["https:\/\/www.linkedin.com\/company\/berney-associ-s\/?originalSubdomain=fr","https:\/\/www.instagram.com\/berneyassocies\/","https:\/\/www.youtube.com\/channel\/UCRPy3E8GsTbCeg0qWpCmkpw"]},{"@type":"Person","@id":"https:\/\/berneyassocies.com\/#\/schema\/person\/eab8c26b409706051ae9742922450338","name":"Aida Foric","image":{"@type":"ImageObject","inLanguage":"en-GB","@id":"https:\/\/secure.gravatar.com\/avatar\/2394dc1a49168857a5c3b2bb0ae7edac4100fbc2a59464c37a71bc7e14d3940a?s=96&d=mm&r=g","url":"https:\/\/secure.gravatar.com\/avatar\/2394dc1a49168857a5c3b2bb0ae7edac4100fbc2a59464c37a71bc7e14d3940a?s=96&d=mm&r=g","contentUrl":"https:\/\/secure.gravatar.com\/avatar\/2394dc1a49168857a5c3b2bb0ae7edac4100fbc2a59464c37a71bc7e14d3940a?s=96&d=mm&r=g","caption":"Aida Foric"}}]}},"_links":{"self":[{"href":"https:\/\/berneyassocies.com\/en\/wp-json\/wp\/v2\/posts\/243733","targetHints":{"allow":["GET"]}}],"collection":[{"href":"https:\/\/berneyassocies.com\/en\/wp-json\/wp\/v2\/posts"}],"about":[{"href":"https:\/\/berneyassocies.com\/en\/wp-json\/wp\/v2\/types\/post"}],"author":[{"embeddable":true,"href":"https:\/\/berneyassocies.com\/en\/wp-json\/wp\/v2\/users\/10"}],"replies":[{"embeddable":true,"href":"https:\/\/berneyassocies.com\/en\/wp-json\/wp\/v2\/comments?post=243733"}],"version-history":[{"count":6,"href":"https:\/\/berneyassocies.com\/en\/wp-json\/wp\/v2\/posts\/243733\/revisions"}],"predecessor-version":[{"id":243802,"href":"https:\/\/berneyassocies.com\/en\/wp-json\/wp\/v2\/posts\/243733\/revisions\/243802"}],"wp:featuredmedia":[{"embeddable":true,"href":"https:\/\/berneyassocies.com\/en\/wp-json\/wp\/v2\/media\/243735"}],"wp:attachment":[{"href":"https:\/\/berneyassocies.com\/en\/wp-json\/wp\/v2\/media?parent=243733"}],"wp:term":[{"taxonomy":"category","embeddable":true,"href":"https:\/\/berneyassocies.com\/en\/wp-json\/wp\/v2\/categories?post=243733"},{"taxonomy":"post_tag","embeddable":true,"href":"https:\/\/berneyassocies.com\/en\/wp-json\/wp\/v2\/tags?post=243733"},{"taxonomy":"actualite-theme","embeddable":true,"href":"https:\/\/berneyassocies.com\/en\/wp-json\/wp\/v2\/actualite-theme?post=243733"}],"curies":[{"name":"wp","href":"https:\/\/api.w.org\/{rel}","templated":true}]}}